{"id":45464,"date":"2026-01-26T14:14:06","date_gmt":"2026-01-26T17:14:06","guid":{"rendered":"https:\/\/sindenfermeiro.com.br\/?p=45464"},"modified":"2026-04-29T05:51:50","modified_gmt":"2026-04-29T08:51:50","slug":"sindicato-marca-assembleia-para-eleicao-da-comissao-eleitoral","status":"publish","type":"post","link":"https:\/\/sindenfermeiro.com.br\/index.php\/2026\/01\/26\/sindicato-marca-assembleia-para-eleicao-da-comissao-eleitoral\/","title":{"rendered":"Sindicato marca assembleia para elei\u00e7\u00e3o da Comiss\u00e3o Eleitoral"},"content":{"rendered":"<p>O Presidente do SINDICATO DOS ENFERMEIROS DO DISTRITO FEDERAL, CNPJ n\u00ba 00.627.877\/0001-07, com sede na SCRLN 714, Bloco H, Loja 2, Asa Norte &#8211; Bras\u00edlia (Distrito Federal), CEP: 70760-558, no uso das atribui\u00e7\u00f5es que lhe conferem o Estatuto Social, atrav\u00e9s do presente edital faz saber a todos que dele tiverem conhecimento, que convoca todos os FILIADOS, em assembleias realizadas na forma estatut\u00e1ria e regimental, para participarem da Assembleia Geral Ordin\u00e1ria para elei\u00e7\u00e3o da Comiss\u00e3o Eleitoral do Sindicato dos Enfermeiros do Distrito Federal, \u00e0 realizar-se no dia 29 de janeiro de 2026, \u00e0s 19 horas na sede do Sindicato localizada SCRLN 714, Bloco H, Loja 2, Asa Norte &#8211; Bras\u00edlia (Distrito Federal) CEP: 70760-558.<\/p>\n<p>\u00c0s inscri\u00e7\u00f5es dos nomes para concorrer \u00e0 elei\u00e7\u00e3o para compor a Comiss\u00e3o Eleitoral, conforme art. 69 do Estatuto do Sindicato, dever\u00e3o ser feitas no dia 29 de janeiro de 2026, no per\u00edodo de at\u00e9 1 hora antes do in\u00edcio da Assembleia Geral Ordin\u00e1ria, prevista para 19 horas em primeira chamada para delibera\u00e7\u00e3o por maioria simples, \u00e0s 19 horas e 30 minutos caso n\u00e3o seja obtido o n\u00famero de cinquenta por cento mais um dos associados, com qualquer n\u00famero de filiados. A Assembleia Geral Ordin\u00e1ria, ir\u00e1 deliberar a seguinte ordem do dia:<\/p>\n<p>1) Apresenta\u00e7\u00e3o da lista dos interessados em compor<br \/>\na Comiss\u00e3o Eleitoral devidamente inscritos;<\/p>\n<p>2) Explica\u00e7\u00e3o sobre o processo de vota\u00e7\u00e3o da Comiss\u00e3o Eleitoral;<\/p>\n<p>3) Vota\u00e7\u00e3o;<\/p>\n<p>4) Proclama\u00e7\u00e3o dos eleitos que ser\u00e3o os 3 mais votados.<\/p>\n<p>Bras\u00edlia\/DF, 23 de janeiro de 2026.<br \/>\nJorge Henrique de Sousa e Silva Filho<br \/>\nPresidente do Sindicato dos Enfermeiros do DF<\/p>\n","protected":false},"excerpt":{"rendered":"<p>O Presidente do SINDICATO DOS ENFERMEIROS DO DISTRITO FEDERAL, CNPJ n\u00ba 00.627.877\/0001-07, com sede na SCRLN 714, Bloco H, Loja 2, Asa Norte &#8211; Bras\u00edlia (Distrito Federal), CEP: 70760-558, no uso das atribui\u00e7\u00f5es que lhe conferem o Estatuto Social, atrav\u00e9s do presente edital faz saber a todos que dele tiverem conhecimento, que convoca todos os [&hellip;]<\/p>\n","protected":false},"author":6,"featured_media":45465,"comment_status":"open","ping_status":"open","sticky":false,"template":"","format":"standard","meta":{"footnotes":""},"categories":[932,6],"tags":[],"class_list":["post-45464","post","type-post","status-publish","format-standard","has-post-thumbnail","hentry","category-eleicoes-26","category-noticias"],"_links":{"self":[{"href":"https:\/\/sindenfermeiro.com.br\/index.php\/wp-json\/wp\/v2\/posts\/45464","targetHints":{"allow":["GET"]}}],"collection":[{"href":"https:\/\/sindenfermeiro.com.br\/index.php\/wp-json\/wp\/v2\/posts"}],"about":[{"href":"https:\/\/sindenfermeiro.com.br\/index.php\/wp-json\/wp\/v2\/types\/post"}],"author":[{"embeddable":true,"href":"https:\/\/sindenfermeiro.com.br\/index.php\/wp-json\/wp\/v2\/users\/6"}],"replies":[{"embeddable":true,"href":"https:\/\/sindenfermeiro.com.br\/index.php\/wp-json\/wp\/v2\/comments?post=45464"}],"version-history":[{"count":1,"href":"https:\/\/sindenfermeiro.com.br\/index.php\/wp-json\/wp\/v2\/posts\/45464\/revisions"}],"predecessor-version":[{"id":45466,"href":"https:\/\/sindenfermeiro.com.br\/index.php\/wp-json\/wp\/v2\/posts\/45464\/revisions\/45466"}],"wp:featuredmedia":[{"embeddable":true,"href":"https:\/\/sindenfermeiro.com.br\/index.php\/wp-json\/wp\/v2\/media\/45465"}],"wp:attachment":[{"href":"https:\/\/sindenfermeiro.com.br\/index.php\/wp-json\/wp\/v2\/media?parent=45464"}],"wp:term":[{"taxonomy":"category","embeddable":true,"href":"https:\/\/sindenfermeiro.com.br\/index.php\/wp-json\/wp\/v2\/categories?post=45464"},{"taxonomy":"post_tag","embeddable":true,"href":"https:\/\/sindenfermeiro.com.br\/index.php\/wp-json\/wp\/v2\/tags?post=45464"}],"curies":[{"name":"wp","href":"https:\/\/api.w.org\/{rel}","templated":true}]}}