{"id":45318,"date":"2025-10-15T17:39:04","date_gmt":"2025-10-15T20:39:04","guid":{"rendered":"https:\/\/sindenfermeiro.com.br\/?p=45318"},"modified":"2026-04-29T05:51:10","modified_gmt":"2026-04-29T08:51:10","slug":"sindenfermeiro-df-e-contra-a-proposta-de-reforma-administrativa","status":"publish","type":"post","link":"https:\/\/sindenfermeiro.com.br\/index.php\/2025\/10\/15\/sindenfermeiro-df-e-contra-a-proposta-de-reforma-administrativa\/","title":{"rendered":"SindEnfermeiro-DF \u00e9 contra a proposta de Reforma Administrativa"},"content":{"rendered":"<p>O SindEnfermeiro-DF \u00e9 contra a proposta de Reforma Administrativa que o Congresso Nacional pretende votar. Essa proposta, travestida de moderniza\u00e7\u00e3o do Estado, \u00e9 na verdade um profundo ataque aos direitos hist\u00f3ricos dos servidores p\u00fablicos e \u00e0 qualidade dos servi\u00e7os prestados \u00e0 popula\u00e7\u00e3o.<\/p>\n<p>A Proposta de Emenda \u00e0 Constitui\u00e7\u00e3o (PEC) elaborada pelo Grupo de Trabalho da Reforma Administrativa representa um verdadeiro desmonte do servi\u00e7o p\u00fablico. Sob a l\u00f3gica do ajuste fiscal neoliberal, a PEC retira conquistas fundamentais, como:<br \/>\nadicionais de tempo de servi\u00e7o;<br \/>\nlicen\u00e7a-pr\u00eamio;<br \/>\nprogress\u00f5es por tempo de trabalho;<br \/>\ncondi\u00e7\u00f5es especiais de trabalho (insalubridade e periculosidade);<br \/>\ne abre brechas para o congelamento de sal\u00e1rios, o aumento da precariza\u00e7\u00e3o e a persegui\u00e7\u00e3o pol\u00edtica aos servidores.<\/p>\n<p>Al\u00e9m disso, a proposta enfraquece a estabilidade do servi\u00e7o p\u00fablico, fragilizando a autonomia t\u00e9cnica e \u00e9tica dos trabalhadores e colocando em risco a continuidade dos servi\u00e7os essenciais \u2014 especialmente na sa\u00fade, onde enfermeiros e enfermeiras atuam diariamente para garantir o cuidado e a vida da popula\u00e7\u00e3o.<\/p>\n<p>A cada nova tentativa de Reforma Administrativa, o que se v\u00ea \u00e9 a mesma pol\u00edtica de ataque: menos direitos, menos Estado e mais retrocessos. Trata-se de um golpe contra o funcionalismo e contra o povo brasileiro, que depende do SUS, da educa\u00e7\u00e3o p\u00fablica e de pol\u00edticas sociais.<\/p>\n<p>O SindEnfermeiro-DF convoca toda a categoria e a sociedade a se manterem atentas e mobilizadas. N\u00e3o aceitaremos que essa Reforma seja aprovada a toque de caixa, como ocorreu com a PEC\u00a0da\u00a0Blindagem.<\/p>\n","protected":false},"excerpt":{"rendered":"<p>O SindEnfermeiro-DF \u00e9 contra a proposta de Reforma Administrativa que o Congresso Nacional pretende votar. Essa proposta, travestida de moderniza\u00e7\u00e3o do Estado, \u00e9 na verdade um profundo ataque aos direitos hist\u00f3ricos dos servidores p\u00fablicos e \u00e0 qualidade dos servi\u00e7os prestados \u00e0 popula\u00e7\u00e3o. A Proposta de Emenda \u00e0 Constitui\u00e7\u00e3o (PEC) elaborada pelo Grupo de Trabalho da [&hellip;]<\/p>\n","protected":false},"author":6,"featured_media":45319,"comment_status":"open","ping_status":"open","sticky":false,"template":"","format":"standard","meta":{"footnotes":""},"categories":[6],"tags":[],"class_list":["post-45318","post","type-post","status-publish","format-standard","has-post-thumbnail","hentry","category-noticias"],"_links":{"self":[{"href":"https:\/\/sindenfermeiro.com.br\/index.php\/wp-json\/wp\/v2\/posts\/45318","targetHints":{"allow":["GET"]}}],"collection":[{"href":"https:\/\/sindenfermeiro.com.br\/index.php\/wp-json\/wp\/v2\/posts"}],"about":[{"href":"https:\/\/sindenfermeiro.com.br\/index.php\/wp-json\/wp\/v2\/types\/post"}],"author":[{"embeddable":true,"href":"https:\/\/sindenfermeiro.com.br\/index.php\/wp-json\/wp\/v2\/users\/6"}],"replies":[{"embeddable":true,"href":"https:\/\/sindenfermeiro.com.br\/index.php\/wp-json\/wp\/v2\/comments?post=45318"}],"version-history":[{"count":1,"href":"https:\/\/sindenfermeiro.com.br\/index.php\/wp-json\/wp\/v2\/posts\/45318\/revisions"}],"predecessor-version":[{"id":45320,"href":"https:\/\/sindenfermeiro.com.br\/index.php\/wp-json\/wp\/v2\/posts\/45318\/revisions\/45320"}],"wp:featuredmedia":[{"embeddable":true,"href":"https:\/\/sindenfermeiro.com.br\/index.php\/wp-json\/wp\/v2\/media\/45319"}],"wp:attachment":[{"href":"https:\/\/sindenfermeiro.com.br\/index.php\/wp-json\/wp\/v2\/media?parent=45318"}],"wp:term":[{"taxonomy":"category","embeddable":true,"href":"https:\/\/sindenfermeiro.com.br\/index.php\/wp-json\/wp\/v2\/categories?post=45318"},{"taxonomy":"post_tag","embeddable":true,"href":"https:\/\/sindenfermeiro.com.br\/index.php\/wp-json\/wp\/v2\/tags?post=45318"}],"curies":[{"name":"wp","href":"https:\/\/api.w.org\/{rel}","templated":true}]}}