{"id":45292,"date":"2025-09-25T09:54:48","date_gmt":"2025-09-25T12:54:48","guid":{"rendered":"https:\/\/sindenfermeiro.com.br\/?p=45292"},"modified":"2026-04-29T05:50:14","modified_gmt":"2026-04-29T08:50:14","slug":"35-anos-da-enfermagem-no-sus","status":"publish","type":"post","link":"https:\/\/sindenfermeiro.com.br\/index.php\/2025\/09\/25\/35-anos-da-enfermagem-no-sus\/","title":{"rendered":"35 anos da Enfermagem no SUS"},"content":{"rendered":"<p>&nbsp;<\/p>\n<p><img loading=\"lazy\" decoding=\"async\" class=\"size-large wp-image-45301 aligncenter\" src=\"https:\/\/sindenfermeiro.com.br\/wp-content\/uploads\/2025\/09\/FERNANDA-FERREIRA_ASCOM-SINDENFERMEIRO_7-de-abril-de-2021-3-1024x576.jpg\" alt=\"\" width=\"1024\" height=\"576\" srcset=\"https:\/\/sindenfermeiro.com.br\/wp-content\/uploads\/2025\/09\/FERNANDA-FERREIRA_ASCOM-SINDENFERMEIRO_7-de-abril-de-2021-3-1024x576.jpg 1024w, https:\/\/sindenfermeiro.com.br\/wp-content\/uploads\/2025\/09\/FERNANDA-FERREIRA_ASCOM-SINDENFERMEIRO_7-de-abril-de-2021-3-300x169.jpg 300w, https:\/\/sindenfermeiro.com.br\/wp-content\/uploads\/2025\/09\/FERNANDA-FERREIRA_ASCOM-SINDENFERMEIRO_7-de-abril-de-2021-3-768x432.jpg 768w, https:\/\/sindenfermeiro.com.br\/wp-content\/uploads\/2025\/09\/FERNANDA-FERREIRA_ASCOM-SINDENFERMEIRO_7-de-abril-de-2021-3-1536x864.jpg 1536w, https:\/\/sindenfermeiro.com.br\/wp-content\/uploads\/2025\/09\/FERNANDA-FERREIRA_ASCOM-SINDENFERMEIRO_7-de-abril-de-2021-3-2048x1151.jpg 2048w\" sizes=\"auto, (max-width: 1024px) 100vw, 1024px\" \/><span style=\"font-size: 10pt\"><strong><em>Por: Jorge Henrique (Presidente do SindEnfermeiro-DF)<\/em><\/strong><\/span><\/p>\n<p>No dia 19\/09, a lei n\u00ba 8.080\/1990, respons\u00e1vel pela regulamenta\u00e7\u00e3o do Sistema \u00danico de Sa\u00fade, completou 35 anos. A lei org\u00e2nica, tal como \u00e9 conhecida, positiva determina\u00e7\u00f5es importantes do campo da sa\u00fade coletiva: a reorganiza\u00e7\u00e3o do n\u00edvel central atrav\u00e9s do papel do estado na condu\u00e7\u00e3o da pol\u00edtica de sa\u00fade; a descentraliza\u00e7\u00e3o e desconcentra\u00e7\u00e3o administrativa, econ\u00f4mica, pol\u00edtica, financeira e geogr\u00e1fica; a participa\u00e7\u00e3o social; o planejamento, a execu\u00e7\u00e3o e avalia\u00e7\u00e3o das pol\u00edticas de sa\u00fade; e a inter-setorialidade atrav\u00e9s da conjun\u00e7\u00e3o de v\u00e1rias as for\u00e7as sociais.<\/p>\n<p>Estes elementos convergem para garantir um princ\u00edpio fundamental do SUS e um alicerce para a constru\u00e7\u00e3o de pol\u00edticas e programas de sa\u00fade, a integralidade. S\u00f3 \u00e9 poss\u00edvel pensar em sua materializa\u00e7\u00e3o atrav\u00e9s de uma Rede de Aten\u00e7\u00e3o \u00e0 Sa\u00fade (RAS), regionalizada e organizada em diferentes n\u00edveis de complexidade dos servi\u00e7os para atender as demandas da popula\u00e7\u00e3o.<\/p>\n<p>Para a situa\u00e7\u00e3o da sa\u00fade e de vida da popula\u00e7\u00e3o brasileira, que \u00e9 caracterizada pela falta de saneamento b\u00e1sico e \u00e1gua pot\u00e1vel, inseguran\u00e7a alimentar e desnutri\u00e7\u00e3o, pelo alto \u00edndice de contamina\u00e7\u00e3o por agrot\u00f3xicos, contamina\u00e7\u00e3o da \u00e1gua, por grandes desastres, pelas diferentes formas de viol\u00eancia, al\u00e9m dos problemas clim\u00e1ticos, ambientais, demogr\u00e1ficos, migrat\u00f3rios, \u00e9 essencial que a RAS esteja distribu\u00edda nos diversos territ\u00f3rios, principalmente nos mais remotos.<\/p>\n<p>A pr\u00e1tica da Enfermagem, neste contexto, atrav\u00e9s de profissionais que atuam principalmente em equipes de sa\u00fade da fam\u00edlia, tem uma imensa capacidade de absorver diferentes determina\u00e7\u00f5es de sa\u00fade dos territ\u00f3rios. \u00c9 a enfermagem, atrav\u00e9s dos sistemas universais, como o SUS que fazem vigil\u00e2ncia dos territ\u00f3rios, de forma integrada, socioespacial, geogr\u00e1fica, com enfoque na ecologia humana.<\/p>\n<p>Dentre as variadas a\u00e7\u00f5es gerenciais, assist\u00eancias e coletivas nos territ\u00f3rios, a Enfermagem atua em busca de estabelecer comunica\u00e7\u00e3o com as comunidades, de contornar as adversidades, estabelecer e reestabelecer fluxos de atendimento para os usu\u00e1rios, viabilizar a continuidade do cuidado \u00e0s pessoas, democratizar o acesso \u00e0 assist\u00eancia e dar resolutividade aos servi\u00e7os de\u2028 sa\u00fade.<\/p>\n<p>Ao longo destes 35 anos, a Enfermagem vem redefinindo o escopo de pr\u00e1ticas na sa\u00fade p\u00fablica devido \u00e0s mudan\u00e7as no perfil epidemiol\u00f3gico, ao envelhecimento da popula\u00e7\u00e3o, aos novos determinantes do processo sa\u00fade-doen\u00e7a, \u00e0s doen\u00e7as emergentes, ao aumento da diversidade \u00e9tnica e cultural da popula\u00e7\u00e3o, ao avan\u00e7o tecnol\u00f3gico e principalmente devido a sua maior inser\u00e7\u00e3o no SUS.<\/p>\n<p>Hoje, no \u00e2mbito do SUS, o Enfermeiro\u00a0 \u00e9 respons\u00e1vel por realizar consultas de rotina, pr\u00e9-natal de gestantes, coleta de citopatol\u00f3gico, puericultura, testes diagn\u00f3sticos, prescri\u00e7\u00e3o de medicamentos e solicita\u00e7\u00e3o de exames com base em programas e protocolos, inser\u00e7\u00e3o de m\u00e9todos contraceptivos de longa dura\u00e7\u00e3o (DIU), realiza\u00e7\u00e3o de parto natural, desbridamento instrumental, manejo avan\u00e7ado de curativos, gerenciamento e aplica\u00e7\u00e3o de imunobiol\u00f3gicos, al\u00e9m de outras pr\u00e1ticas.<\/p>\n<p>Apesar de toda essa evolu\u00e7\u00e3o, a Enfermagem ainda sofre com condi\u00e7\u00f5es prec\u00e1rias de trabalho, jornadas extenuantes, altos \u00edndices de acidentes de trabalho, restri\u00e7\u00f5es f\u00edsicas e ps\u00edquicas, viol\u00eancia e baixa remunera\u00e7\u00e3o. \u00c9 necess\u00e1rio, portanto, que o \u201cecodesenvolvimento da Enfermagem\u201d se d\u00ea a partir do confronto \u00e0s velhas formas de domina\u00e7\u00e3o no campo pol\u00edtico, revitalizando a economia em dire\u00e7\u00e3o a a\u00e7\u00f5es coletivas, com estrat\u00e9gias que mudem os processos produtivos para atender as reais necessidades da popula\u00e7\u00e3o.<\/p>\n<p>Profissionais da Enfermagem devem reafirmar o Sistema \u00danico de Sa\u00fade (SUS) como uma conquista do povo brasileiro, lutar por uma pol\u00edtica perene de investimento pautada na aten\u00e7\u00e3o \u00e0s demandas sociais, pois s\u00e3o elas que agenciam o processo de inova\u00e7\u00e3o tecnol\u00f3gica e orientam a constru\u00e7\u00e3o de sistema com uma base produtiva de bens e servi\u00e7os. Por isso, estes profissionais devem lutar pela inclus\u00e3o e atendimento digno a pessoas em situa\u00e7\u00e3o de rua, a pessoas que fazem uso de \u00e1lcool e outras drogas, \u00e0 popula\u00e7\u00e3o LGBTQI+, ind\u00edgenas, negros e negras, pessoas em situa\u00e7\u00e3o de viol\u00eancia, expostas a agrot\u00f3xicos etc.<\/p>\n<p>A categoria deve aliar o desenvolvimento t\u00e9cnico e cient\u00edfico \u00e0 organiza\u00e7\u00e3o pol\u00edtica, com fortalecimento das entidades representativas (sindicatos e associa\u00e7\u00f5es) para disputar e consolidar espa\u00e7os de poder na sociedade. Estas iniciativas devem ser subjugadas \u00e0 luta social geral, que exige justi\u00e7a social, redu\u00e7\u00e3o das desigualdades sociais, mais investimentos em pol\u00edticas p\u00fablicas, e redu\u00e7\u00e3o da jornada de trabalho.<\/p>\n<p><strong>REFER\u00caNCIAS BIBLIOGR\u00c1FICAS<\/strong><\/p>\n<p>Valoriza\u00e7\u00e3o do trabalho em enfermagem com desenvolvimento sustent\u00e1vel e bem viver: caderno de dicas. 84\u00aa Semana Brasileira de Enfermagem &#8211; SBEn. 12 a 20 de maio de 2023. Brasilia, DF: Editora ABEn, dispon\u00edvel em: https:\/\/doi.org\/10.51234\/aben.23.e22<\/p>\n<p>Santos AM, Giovanella L, Franco CM, Pereira AG, Lima JG, Fausto MCR, Almeida PF. Pr\u00e1tica da enfermeira na aten\u00e7\u00e3o prim\u00e1ria \u00e0 sa\u00fade em munic\u00edpios rurais remotos. Cadernos de Sa\u00fade P\u00fablica 2025; 41(9):e00208124 doi: 10.1590\/0102-311XPT208124<\/p>\n<p>Silva LA, Santos JS, Queiroz AM, Duarte ERM. Sa\u00fade planet\u00e1ria: desafios e a atua\u00e7\u00e3o cr\u00edtica da Enfermagem. 86\u00aa Semana Brasileira de Enfermagem \u2013 SBEn. Bras\u00edlia, DF: ABEn, 2025.<\/p>\n","protected":false},"excerpt":{"rendered":"<p>&nbsp; Por: Jorge Henrique (Presidente do SindEnfermeiro-DF) No dia 19\/09, a lei n\u00ba 8.080\/1990, respons\u00e1vel pela regulamenta\u00e7\u00e3o do Sistema \u00danico de Sa\u00fade, completou 35 anos. A lei org\u00e2nica, tal como \u00e9 conhecida, positiva determina\u00e7\u00f5es importantes do campo da sa\u00fade coletiva: a reorganiza\u00e7\u00e3o do n\u00edvel central atrav\u00e9s do papel do estado na condu\u00e7\u00e3o da pol\u00edtica de [&hellip;]<\/p>\n","protected":false},"author":6,"featured_media":45298,"comment_status":"open","ping_status":"open","sticky":false,"template":"","format":"standard","meta":{"footnotes":""},"categories":[6],"tags":[153,7,54,165],"class_list":["post-45292","post","type-post","status-publish","format-standard","has-post-thumbnail","hentry","category-noticias","tag-distrito-federal","tag-enfermagem","tag-enfermeiros","tag-sus"],"_links":{"self":[{"href":"https:\/\/sindenfermeiro.com.br\/index.php\/wp-json\/wp\/v2\/posts\/45292","targetHints":{"allow":["GET"]}}],"collection":[{"href":"https:\/\/sindenfermeiro.com.br\/index.php\/wp-json\/wp\/v2\/posts"}],"about":[{"href":"https:\/\/sindenfermeiro.com.br\/index.php\/wp-json\/wp\/v2\/types\/post"}],"author":[{"embeddable":true,"href":"https:\/\/sindenfermeiro.com.br\/index.php\/wp-json\/wp\/v2\/users\/6"}],"replies":[{"embeddable":true,"href":"https:\/\/sindenfermeiro.com.br\/index.php\/wp-json\/wp\/v2\/comments?post=45292"}],"version-history":[{"count":8,"href":"https:\/\/sindenfermeiro.com.br\/index.php\/wp-json\/wp\/v2\/posts\/45292\/revisions"}],"predecessor-version":[{"id":45304,"href":"https:\/\/sindenfermeiro.com.br\/index.php\/wp-json\/wp\/v2\/posts\/45292\/revisions\/45304"}],"wp:featuredmedia":[{"embeddable":true,"href":"https:\/\/sindenfermeiro.com.br\/index.php\/wp-json\/wp\/v2\/media\/45298"}],"wp:attachment":[{"href":"https:\/\/sindenfermeiro.com.br\/index.php\/wp-json\/wp\/v2\/media?parent=45292"}],"wp:term":[{"taxonomy":"category","embeddable":true,"href":"https:\/\/sindenfermeiro.com.br\/index.php\/wp-json\/wp\/v2\/categories?post=45292"},{"taxonomy":"post_tag","embeddable":true,"href":"https:\/\/sindenfermeiro.com.br\/index.php\/wp-json\/wp\/v2\/tags?post=45292"}],"curies":[{"name":"wp","href":"https:\/\/api.w.org\/{rel}","templated":true}]}}