{"id":45288,"date":"2025-09-22T11:08:46","date_gmt":"2025-09-22T14:08:46","guid":{"rendered":"https:\/\/sindenfermeiro.com.br\/?p=45288"},"modified":"2026-04-29T07:21:23","modified_gmt":"2026-04-29T10:21:23","slug":"stf-confirma-validade-de-lei-que-autoriza-prescricao-de-medicamentos-por-enfermeiros-no-df","status":"publish","type":"post","link":"https:\/\/sindenfermeiro.com.br\/index.php\/2025\/09\/22\/stf-confirma-validade-de-lei-que-autoriza-prescricao-de-medicamentos-por-enfermeiros-no-df\/","title":{"rendered":"STF confirma validade de lei que autoriza prescri\u00e7\u00e3o de medicamentos por enfermeiros\u00a0no\u00a0DF"},"content":{"rendered":"<p><img loading=\"lazy\" decoding=\"async\" class=\" wp-image-45290 aligncenter\" src=\"https:\/\/sindenfermeiro.com.br\/wp-content\/uploads\/2025\/09\/Imagem-do-WhatsApp-de-2025-09-22-as-10.55.23_1ffeecc1-1-300x200.jpg\" alt=\"\" width=\"501\" height=\"334\" srcset=\"https:\/\/sindenfermeiro.com.br\/wp-content\/uploads\/2025\/09\/Imagem-do-WhatsApp-de-2025-09-22-as-10.55.23_1ffeecc1-1-300x200.jpg 300w, https:\/\/sindenfermeiro.com.br\/wp-content\/uploads\/2025\/09\/Imagem-do-WhatsApp-de-2025-09-22-as-10.55.23_1ffeecc1-1-1024x682.jpg 1024w, https:\/\/sindenfermeiro.com.br\/wp-content\/uploads\/2025\/09\/Imagem-do-WhatsApp-de-2025-09-22-as-10.55.23_1ffeecc1-1-768x512.jpg 768w, https:\/\/sindenfermeiro.com.br\/wp-content\/uploads\/2025\/09\/Imagem-do-WhatsApp-de-2025-09-22-as-10.55.23_1ffeecc1-1-1536x1023.jpg 1536w, https:\/\/sindenfermeiro.com.br\/wp-content\/uploads\/2025\/09\/Imagem-do-WhatsApp-de-2025-09-22-as-10.55.23_1ffeecc1-1.jpg 1600w\" sizes=\"auto, (max-width: 501px) 100vw, 501px\" \/><\/p>\n<p>O Supremo Tribunal Federal (STF) reconheceu como constitucional a Lei n\u00ba 7.530\/2024, que autoriza enfermeiros e enfermeiras do Distrito Federal a prescreverem medicamentos para aquisi\u00e7\u00e3o em farm\u00e1cias privadas. A decis\u00e3o foi tomada pelo ministro Fl\u00e1vio Dino no \u00faltimo dia 2, e restabeleceu o direito da categoria, que havia sido suspenso ap\u00f3s questionamentos de inconstitucionalidade.<\/p>\n<p>O magistrado manteve a lei, mas considerou inconstitucional o trecho que previa san\u00e7\u00f5es em caso de descumprimento por farm\u00e1cias. Assim, os profissionais de enfermagem recuperam o direito de emitir receitas que permitem ao paciente comprar medicamentos diretamente em farm\u00e1cias privadas, o que amplia o acesso da popula\u00e7\u00e3o ao tratamento.<\/p>\n<p>O objetivo da lei \u00e9 fortalecer o atendimento \u00e0 popula\u00e7\u00e3o, j\u00e1 que os enfermeiros representam hoje a principal for\u00e7a de trabalho da sa\u00fade p\u00fablica no DF, respons\u00e1veis por cerca de 2 milh\u00f5es de atendimentos anuais apenas na Aten\u00e7\u00e3o Prim\u00e1ria.<\/p>\n<p>Diante da escassez de m\u00e9dicos em muitas Unidades B\u00e1sicas de Sa\u00fade (UBSs), s\u00e3o os enfermeiros que garantem o atendimento \u00e0 comunidade. Agora, com a prescri\u00e7\u00e3o reconhecida, os pacientes t\u00eam a seguran\u00e7a de adquirir seus medicamentos mesmo quando n\u00e3o houver disponibilidade na\u00a0rede\u00a0p\u00fablica.<\/p>\n","protected":false},"excerpt":{"rendered":"<p>O Supremo Tribunal Federal (STF) reconheceu como constitucional a Lei n\u00ba 7.530\/2024, que autoriza enfermeiros e enfermeiras do Distrito Federal a prescreverem medicamentos para aquisi\u00e7\u00e3o em farm\u00e1cias privadas. A decis\u00e3o foi tomada pelo ministro Fl\u00e1vio Dino no \u00faltimo dia 2, e restabeleceu o direito da categoria, que havia sido suspenso ap\u00f3s questionamentos de inconstitucionalidade. O [&hellip;]<\/p>\n","protected":false},"author":6,"featured_media":45289,"comment_status":"open","ping_status":"open","sticky":false,"template":"","format":"standard","meta":{"footnotes":""},"categories":[6],"tags":[],"class_list":["post-45288","post","type-post","status-publish","format-standard","has-post-thumbnail","hentry","category-noticias"],"_links":{"self":[{"href":"https:\/\/sindenfermeiro.com.br\/index.php\/wp-json\/wp\/v2\/posts\/45288","targetHints":{"allow":["GET"]}}],"collection":[{"href":"https:\/\/sindenfermeiro.com.br\/index.php\/wp-json\/wp\/v2\/posts"}],"about":[{"href":"https:\/\/sindenfermeiro.com.br\/index.php\/wp-json\/wp\/v2\/types\/post"}],"author":[{"embeddable":true,"href":"https:\/\/sindenfermeiro.com.br\/index.php\/wp-json\/wp\/v2\/users\/6"}],"replies":[{"embeddable":true,"href":"https:\/\/sindenfermeiro.com.br\/index.php\/wp-json\/wp\/v2\/comments?post=45288"}],"version-history":[{"count":1,"href":"https:\/\/sindenfermeiro.com.br\/index.php\/wp-json\/wp\/v2\/posts\/45288\/revisions"}],"predecessor-version":[{"id":45291,"href":"https:\/\/sindenfermeiro.com.br\/index.php\/wp-json\/wp\/v2\/posts\/45288\/revisions\/45291"}],"wp:featuredmedia":[{"embeddable":true,"href":"https:\/\/sindenfermeiro.com.br\/index.php\/wp-json\/wp\/v2\/media\/45289"}],"wp:attachment":[{"href":"https:\/\/sindenfermeiro.com.br\/index.php\/wp-json\/wp\/v2\/media?parent=45288"}],"wp:term":[{"taxonomy":"category","embeddable":true,"href":"https:\/\/sindenfermeiro.com.br\/index.php\/wp-json\/wp\/v2\/categories?post=45288"},{"taxonomy":"post_tag","embeddable":true,"href":"https:\/\/sindenfermeiro.com.br\/index.php\/wp-json\/wp\/v2\/tags?post=45288"}],"curies":[{"name":"wp","href":"https:\/\/api.w.org\/{rel}","templated":true}]}}