{"id":45281,"date":"2025-09-05T14:45:05","date_gmt":"2025-09-05T17:45:05","guid":{"rendered":"https:\/\/sindenfermeiro.com.br\/?p=45281"},"modified":"2026-04-29T05:51:54","modified_gmt":"2026-04-29T08:51:54","slug":"audiencia-publica-debate-violencia-contra-profissionais-de-enfermagem-no-df","status":"publish","type":"post","link":"https:\/\/sindenfermeiro.com.br\/index.php\/2025\/09\/05\/audiencia-publica-debate-violencia-contra-profissionais-de-enfermagem-no-df\/","title":{"rendered":"Audi\u00eancia p\u00fablica debate viol\u00eancia contra profissionais de enfermagem no DF"},"content":{"rendered":"<p>O Sindicato dos Enfermeiros do Distrito Federal participou, nesta sexta-feira (5), da audi\u00eancia p\u00fablica sobre a viol\u00eancia contra profissionais de enfermagem no DF. A mesa foi presidida pela deputada distrital Dayse Amar\u00edlio (PSB), enfermeira e presidente da Comiss\u00e3o de Sa\u00fade e foi realizada na C\u00e2mara Legislativa.<\/p>\n<p>Durante a audi\u00eancia, Dayse criticou a falta de estrutura da sa\u00fade p\u00fablica no DF e destacou que o problema n\u00e3o pode ser tratado como bandeira pol\u00edtica.\u201cAs pessoas est\u00e3o morrendo na fila. Eu n\u00e3o sei como um pol\u00edtico consegue dormir sem se preocupar com isso. Eu me preocupo, mas tenho a consci\u00eancia tranquila de que luto pela isonomia salarial, pelas nomea\u00e7\u00f5es e por mais financiamento para a sa\u00fade\u201d, afirmou.<\/p>\n<p>Representando o Conselho Federal de Enfermagem (Cofen), K\u00e1tia Calegaro ressaltou que a prote\u00e7\u00e3o dos enfermeiros \u00e9 essencial e defendeu a implanta\u00e7\u00e3o de protocolos institucionais para preven\u00e7\u00e3o e resposta \u00e0 viol\u00eancia. Ela tamb\u00e9m destacou a necessidade de ampliar o treinamento das equipes para manejo de situa\u00e7\u00f5es de risco, criar canais seguros de den\u00fancia e fortalecer pol\u00edticas de valoriza\u00e7\u00e3o da categoria.<\/p>\n<p>J\u00e1 a presidente da Aben-DF Karine Afonseca alertou para a falta de respostas institucionais diante da viol\u00eancia sofrida por enfermeiros. \u201cPrecisamos de uma agenda de a\u00e7\u00f5es com campanhas, advocacy junto a institui\u00e7\u00f5es p\u00fablicas e privadas e cria\u00e7\u00e3o de fluxos e protocolos, por exemplo\u201d, afirmou.<\/p>\n<p>O presidente do Sindicato dos Enfermeiros do DF, Jorge Henrique, refor\u00e7ou que n\u00e3o \u00e9 poss\u00edvel pensar pol\u00edtica p\u00fablica sem investimento. Ele defendeu que o movimento sindical precisa superar o discurso de austeridade fiscal e cobrar mais recursos para pesquisa, inova\u00e7\u00e3o e tecnologia, fortalecendo o complexo econ\u00f4mico-industrial\u00a0da\u00a0sa\u00fade.<\/p>\n<p>&nbsp;<\/p>\n","protected":false},"excerpt":{"rendered":"<p>O Sindicato dos Enfermeiros do Distrito Federal participou, nesta sexta-feira (5), da audi\u00eancia p\u00fablica sobre a viol\u00eancia contra profissionais de enfermagem no DF. A mesa foi presidida pela deputada distrital Dayse Amar\u00edlio (PSB), enfermeira e presidente da Comiss\u00e3o de Sa\u00fade e foi realizada na C\u00e2mara Legislativa. Durante a audi\u00eancia, Dayse criticou a falta de estrutura [&hellip;]<\/p>\n","protected":false},"author":6,"featured_media":45282,"comment_status":"open","ping_status":"open","sticky":false,"template":"","format":"standard","meta":{"footnotes":""},"categories":[6],"tags":[],"class_list":["post-45281","post","type-post","status-publish","format-standard","has-post-thumbnail","hentry","category-noticias"],"_links":{"self":[{"href":"https:\/\/sindenfermeiro.com.br\/index.php\/wp-json\/wp\/v2\/posts\/45281","targetHints":{"allow":["GET"]}}],"collection":[{"href":"https:\/\/sindenfermeiro.com.br\/index.php\/wp-json\/wp\/v2\/posts"}],"about":[{"href":"https:\/\/sindenfermeiro.com.br\/index.php\/wp-json\/wp\/v2\/types\/post"}],"author":[{"embeddable":true,"href":"https:\/\/sindenfermeiro.com.br\/index.php\/wp-json\/wp\/v2\/users\/6"}],"replies":[{"embeddable":true,"href":"https:\/\/sindenfermeiro.com.br\/index.php\/wp-json\/wp\/v2\/comments?post=45281"}],"version-history":[{"count":1,"href":"https:\/\/sindenfermeiro.com.br\/index.php\/wp-json\/wp\/v2\/posts\/45281\/revisions"}],"predecessor-version":[{"id":45283,"href":"https:\/\/sindenfermeiro.com.br\/index.php\/wp-json\/wp\/v2\/posts\/45281\/revisions\/45283"}],"wp:featuredmedia":[{"embeddable":true,"href":"https:\/\/sindenfermeiro.com.br\/index.php\/wp-json\/wp\/v2\/media\/45282"}],"wp:attachment":[{"href":"https:\/\/sindenfermeiro.com.br\/index.php\/wp-json\/wp\/v2\/media?parent=45281"}],"wp:term":[{"taxonomy":"category","embeddable":true,"href":"https:\/\/sindenfermeiro.com.br\/index.php\/wp-json\/wp\/v2\/categories?post=45281"},{"taxonomy":"post_tag","embeddable":true,"href":"https:\/\/sindenfermeiro.com.br\/index.php\/wp-json\/wp\/v2\/tags?post=45281"}],"curies":[{"name":"wp","href":"https:\/\/api.w.org\/{rel}","templated":true}]}}