{"id":45273,"date":"2025-09-01T13:01:28","date_gmt":"2025-09-01T16:01:28","guid":{"rendered":"https:\/\/sindenfermeiro.com.br\/?p=45273"},"modified":"2026-04-29T05:49:36","modified_gmt":"2026-04-29T08:49:36","slug":"45273","status":"publish","type":"post","link":"https:\/\/sindenfermeiro.com.br\/index.php\/2025\/09\/01\/45273\/","title":{"rendered":"Semin\u00e1rio destaca protagonismo das enfermeiras e enfermeiros no acesso ao DIU\u00a0pelo\u00a0SUS\u00a0no\u00a0DF"},"content":{"rendered":"<p><img loading=\"lazy\" decoding=\"async\" class=\" wp-image-45274 aligncenter\" src=\"https:\/\/sindenfermeiro.com.br\/wp-content\/uploads\/2025\/09\/Imagem-do-WhatsApp-de-2025-09-01-as-12.55.33_72610acc-300x200.jpg\" alt=\"\" width=\"414\" height=\"276\" srcset=\"https:\/\/sindenfermeiro.com.br\/wp-content\/uploads\/2025\/09\/Imagem-do-WhatsApp-de-2025-09-01-as-12.55.33_72610acc-300x200.jpg 300w, https:\/\/sindenfermeiro.com.br\/wp-content\/uploads\/2025\/09\/Imagem-do-WhatsApp-de-2025-09-01-as-12.55.33_72610acc-1024x683.jpg 1024w, https:\/\/sindenfermeiro.com.br\/wp-content\/uploads\/2025\/09\/Imagem-do-WhatsApp-de-2025-09-01-as-12.55.33_72610acc-768x512.jpg 768w, https:\/\/sindenfermeiro.com.br\/wp-content\/uploads\/2025\/09\/Imagem-do-WhatsApp-de-2025-09-01-as-12.55.33_72610acc-1536x1024.jpg 1536w, https:\/\/sindenfermeiro.com.br\/wp-content\/uploads\/2025\/09\/Imagem-do-WhatsApp-de-2025-09-01-as-12.55.33_72610acc-2048x1365.jpg 2048w\" sizes=\"auto, (max-width: 414px) 100vw, 414px\" \/><\/p>\n<p>Na \u00faltima sexta-feira (29), a sede da Associa\u00e7\u00e3o Brasileira de Enfermagem (ABEn Nacional), em Bras\u00edlia, recebeu o 1\u00ba Semin\u00e1rio pelos Direitos Sexuais e Reprodutivos do Distrito Federal. O encontro reuniu enfermeiras e enfermeiros, servidores da sa\u00fade, estudantes universit\u00e1rios e representantes de movimentos sociais em um dia inteiro dedicado \u00e0 troca de experi\u00eancias e ao fortalecimento da rede p\u00fablica de sa\u00fade.<\/p>\n<p>O evento tamb\u00e9m marcou a conclus\u00e3o da primeira edi\u00e7\u00e3o do curso de Habilita\u00e7\u00e3o para Inser\u00e7\u00e3o do Dispositivo Intrauterino (DIU) por enfermeiros, promovido pela ABEn-DF e pelo SindEnfermeiro-DF em parceria com a Brazil Foundation. A iniciativa capacitou 180 profissionais \u2014 em sua maioria da Secretaria de Sa\u00fade do DF \u2014 e j\u00e1 revela resultados expressivos. De acordo com os dados apresentados, o n\u00famero de inser\u00e7\u00f5es de DIU realizadas por enfermeiros saltou de cerca de 900 para mais de 5 mil de julho 2022 para julho de 2025, no SUS DF.<\/p>\n<p>Esse avan\u00e7o se reflete diretamente na vida das mulheres que mais precisam. Durante as discuss\u00f5es, tamb\u00e9m foi explicado que a amplia\u00e7\u00e3o do servi\u00e7o beneficiou, sobretudo, mulheres negras e moradoras das periferias do DF, que antes enfrentavam longas filas de espera. Em algumas Unidades B\u00e1sicas de Sa\u00fade, a demanda por inser\u00e7\u00e3o de DIU chegou a ser totalmente zerada.<\/p>\n<p>Al\u00e9m do debate sobre a contracep\u00e7\u00e3o de longa dura\u00e7\u00e3o, os pain\u00e9is do semin\u00e1rio tamb\u00e9m trouxeram reflex\u00f5es sobre os desafios para garantir a universaliza\u00e7\u00e3o da sa\u00fade sexual e reprodutiva e a promo\u00e7\u00e3o da igualdade de g\u00eanero. Especialistas, gestores, entidades de classe, funda\u00e7\u00f5es e movimentos feministas contribu\u00edram para o di\u00e1logo ao longo do dia.<\/p>\n<p>O encerramento do semin\u00e1rio foi marcado pela premia\u00e7\u00e3o de profissionais e multiplicadores que t\u00eam feito a diferen\u00e7a no acesso \u00e0 contracep\u00e7\u00e3o e na defesa dos direitos sexuais e reprodutivos. Foi um momento de reconhecimento e celebra\u00e7\u00e3o do papel essencial da enfermagem na constru\u00e7\u00e3o de um sistema de sa\u00fade mais justo, inclusivo e acess\u00edvel para todas\u00a0as\u00a0mulheres.<\/p>\n<p>&nbsp;<\/p>\n<p>Veja as fotos: <a href=\"https:\/\/www.flickr.com\/photos\/158926957@N08\/sets\/72177720328738060\/\">https:\/\/www.flickr.com\/photos\/158926957@N08\/sets\/72177720328738060\/<\/a><\/p>\n","protected":false},"excerpt":{"rendered":"<p>Na \u00faltima sexta-feira (29), a sede da Associa\u00e7\u00e3o Brasileira de Enfermagem (ABEn Nacional), em Bras\u00edlia, recebeu o 1\u00ba Semin\u00e1rio pelos Direitos Sexuais e Reprodutivos do Distrito Federal. O encontro reuniu enfermeiras e enfermeiros, servidores da sa\u00fade, estudantes universit\u00e1rios e representantes de movimentos sociais em um dia inteiro dedicado \u00e0 troca de experi\u00eancias e ao fortalecimento [&hellip;]<\/p>\n","protected":false},"author":6,"featured_media":45274,"comment_status":"open","ping_status":"open","sticky":false,"template":"","format":"standard","meta":{"footnotes":""},"categories":[6],"tags":[],"class_list":["post-45273","post","type-post","status-publish","format-standard","has-post-thumbnail","hentry","category-noticias"],"_links":{"self":[{"href":"https:\/\/sindenfermeiro.com.br\/index.php\/wp-json\/wp\/v2\/posts\/45273","targetHints":{"allow":["GET"]}}],"collection":[{"href":"https:\/\/sindenfermeiro.com.br\/index.php\/wp-json\/wp\/v2\/posts"}],"about":[{"href":"https:\/\/sindenfermeiro.com.br\/index.php\/wp-json\/wp\/v2\/types\/post"}],"author":[{"embeddable":true,"href":"https:\/\/sindenfermeiro.com.br\/index.php\/wp-json\/wp\/v2\/users\/6"}],"replies":[{"embeddable":true,"href":"https:\/\/sindenfermeiro.com.br\/index.php\/wp-json\/wp\/v2\/comments?post=45273"}],"version-history":[{"count":4,"href":"https:\/\/sindenfermeiro.com.br\/index.php\/wp-json\/wp\/v2\/posts\/45273\/revisions"}],"predecessor-version":[{"id":45278,"href":"https:\/\/sindenfermeiro.com.br\/index.php\/wp-json\/wp\/v2\/posts\/45273\/revisions\/45278"}],"wp:featuredmedia":[{"embeddable":true,"href":"https:\/\/sindenfermeiro.com.br\/index.php\/wp-json\/wp\/v2\/media\/45274"}],"wp:attachment":[{"href":"https:\/\/sindenfermeiro.com.br\/index.php\/wp-json\/wp\/v2\/media?parent=45273"}],"wp:term":[{"taxonomy":"category","embeddable":true,"href":"https:\/\/sindenfermeiro.com.br\/index.php\/wp-json\/wp\/v2\/categories?post=45273"},{"taxonomy":"post_tag","embeddable":true,"href":"https:\/\/sindenfermeiro.com.br\/index.php\/wp-json\/wp\/v2\/tags?post=45273"}],"curies":[{"name":"wp","href":"https:\/\/api.w.org\/{rel}","templated":true}]}}