{"id":45263,"date":"2025-08-26T16:50:09","date_gmt":"2025-08-26T19:50:09","guid":{"rendered":"https:\/\/sindenfermeiro.com.br\/?p=45263"},"modified":"2026-04-29T05:52:49","modified_gmt":"2026-04-29T08:52:49","slug":"cafe-da-manha-uma-manha-de-reencontros-e-celebracao-com-nossos-enfermeiros-aposentados","status":"publish","type":"post","link":"https:\/\/sindenfermeiro.com.br\/index.php\/2025\/08\/26\/cafe-da-manha-uma-manha-de-reencontros-e-celebracao-com-nossos-enfermeiros-aposentados\/","title":{"rendered":"Caf\u00e9 da manh\u00e3: Uma manh\u00e3 de reencontros e celebra\u00e7\u00e3o com nossos enfermeiros aposentados"},"content":{"rendered":"<p><img loading=\"lazy\" decoding=\"async\" class=\"alignnone size-medium wp-image-45264 aligncenter\" src=\"https:\/\/sindenfermeiro.com.br\/wp-content\/uploads\/2025\/08\/54746846144_abeacaca7e_k-300x184.jpg\" alt=\"\" width=\"300\" height=\"184\" srcset=\"https:\/\/sindenfermeiro.com.br\/wp-content\/uploads\/2025\/08\/54746846144_abeacaca7e_k-300x184.jpg 300w, https:\/\/sindenfermeiro.com.br\/wp-content\/uploads\/2025\/08\/54746846144_abeacaca7e_k-1024x627.jpg 1024w, https:\/\/sindenfermeiro.com.br\/wp-content\/uploads\/2025\/08\/54746846144_abeacaca7e_k-768x470.jpg 768w, https:\/\/sindenfermeiro.com.br\/wp-content\/uploads\/2025\/08\/54746846144_abeacaca7e_k-1536x941.jpg 1536w, https:\/\/sindenfermeiro.com.br\/wp-content\/uploads\/2025\/08\/54746846144_abeacaca7e_k.jpg 2047w\" sizes=\"auto, (max-width: 300px) 100vw, 300px\" \/><\/p>\n<p>Na manh\u00e3 de sexta-feira (15), o SindEnfermeiro-DF recebeu com carinho seus enfermeiros aposentados sindicalizados para um caf\u00e9 da manh\u00e3 especial no Clube da Sa\u00fade. Foi um encontro cheio de afeto, reencontros, boas conversas e m\u00fasica de qualidade, embalada pela voz de Sim\u00e3o Santos.<\/p>\n<p>Al\u00e9m da alegria compartilhada, os participantes foram presenteados com brindes especiais, como canecas personalizadas e um day use em um SPA.<\/p>\n<p>E para tornar a manh\u00e3 ainda mais memor\u00e1vel, todos aposentados presentes no evento ganharam uma viagem com tudo pago para Piren\u00f3polis.<\/p>\n<p>O Sindicato dos Enfermeiros do DF celebra, com gratid\u00e3o, a presen\u00e7a de cada uma e cada um que esteve conosco. Foi uma manh\u00e3 para reconhecer, valorizar e retribuir um pouco do cuidado e da dedica\u00e7\u00e3o que esses profissionais ofereceram, ao longo de suas vidas, \u00e0 sa\u00fade da nossa popula\u00e7\u00e3o.<\/p>\n<p><strong>Confira as fotos: <a href=\"https:\/\/www.flickr.com\/photos\/158926957@N08\/with\/54746628736\">Sindicato dos Enfermeiros do Distrito Federal | Flickr<\/a>\u00a0<\/strong><\/p>\n","protected":false},"excerpt":{"rendered":"<p>Na manh\u00e3 de sexta-feira (15), o SindEnfermeiro-DF recebeu com carinho seus enfermeiros aposentados sindicalizados para um caf\u00e9 da manh\u00e3 especial no Clube da Sa\u00fade. Foi um encontro cheio de afeto, reencontros, boas conversas e m\u00fasica de qualidade, embalada pela voz de Sim\u00e3o Santos. Al\u00e9m da alegria compartilhada, os participantes foram presenteados com brindes especiais, como [&hellip;]<\/p>\n","protected":false},"author":6,"featured_media":45264,"comment_status":"open","ping_status":"open","sticky":false,"template":"","format":"standard","meta":{"footnotes":""},"categories":[6],"tags":[],"class_list":["post-45263","post","type-post","status-publish","format-standard","has-post-thumbnail","hentry","category-noticias"],"_links":{"self":[{"href":"https:\/\/sindenfermeiro.com.br\/index.php\/wp-json\/wp\/v2\/posts\/45263","targetHints":{"allow":["GET"]}}],"collection":[{"href":"https:\/\/sindenfermeiro.com.br\/index.php\/wp-json\/wp\/v2\/posts"}],"about":[{"href":"https:\/\/sindenfermeiro.com.br\/index.php\/wp-json\/wp\/v2\/types\/post"}],"author":[{"embeddable":true,"href":"https:\/\/sindenfermeiro.com.br\/index.php\/wp-json\/wp\/v2\/users\/6"}],"replies":[{"embeddable":true,"href":"https:\/\/sindenfermeiro.com.br\/index.php\/wp-json\/wp\/v2\/comments?post=45263"}],"version-history":[{"count":2,"href":"https:\/\/sindenfermeiro.com.br\/index.php\/wp-json\/wp\/v2\/posts\/45263\/revisions"}],"predecessor-version":[{"id":45269,"href":"https:\/\/sindenfermeiro.com.br\/index.php\/wp-json\/wp\/v2\/posts\/45263\/revisions\/45269"}],"wp:featuredmedia":[{"embeddable":true,"href":"https:\/\/sindenfermeiro.com.br\/index.php\/wp-json\/wp\/v2\/media\/45264"}],"wp:attachment":[{"href":"https:\/\/sindenfermeiro.com.br\/index.php\/wp-json\/wp\/v2\/media?parent=45263"}],"wp:term":[{"taxonomy":"category","embeddable":true,"href":"https:\/\/sindenfermeiro.com.br\/index.php\/wp-json\/wp\/v2\/categories?post=45263"},{"taxonomy":"post_tag","embeddable":true,"href":"https:\/\/sindenfermeiro.com.br\/index.php\/wp-json\/wp\/v2\/tags?post=45263"}],"curies":[{"name":"wp","href":"https:\/\/api.w.org\/{rel}","templated":true}]}}