{"id":4521,"date":"2018-10-31T19:25:05","date_gmt":"2018-10-31T19:25:05","guid":{"rendered":"http:\/\/www.sindenfermeiro.com.br\/?p=4521"},"modified":"2026-04-26T15:01:14","modified_gmt":"2026-04-26T18:01:14","slug":"sindenfermeiro-e-entidades-da-saude-tracam-estrategias-para-ses-df-no-governo-ibaneis","status":"publish","type":"post","link":"https:\/\/sindenfermeiro.com.br\/index.php\/2018\/10\/31\/sindenfermeiro-e-entidades-da-saude-tracam-estrategias-para-ses-df-no-governo-ibaneis\/","title":{"rendered":"SindEnfermeiro e entidades da sa\u00fade tra\u00e7am estrat\u00e9gias para SES-DF no governo Ibaneis"},"content":{"rendered":"<style type=\"text\/css\">\n#foogallery-gallery-4523 .fg-image { width: 640px; }<\/style>\n\t\t\t<div class=\"foogallery foogallery-container foogallery-image-viewer foogallery-link-image foogallery-lightbox-none fg-center fg-image-viewer fg-ready fg-light fg-border-thin fg-shadow-outline fg-loading-default fg-loaded-fade-in fg-caption-hover fg-hover-fade fg-hover-zoom\" id=\"foogallery-gallery-4523\" data-foogallery=\"{&quot;item&quot;:{&quot;showCaptionTitle&quot;:true,&quot;showCaptionDescription&quot;:true},&quot;lazy&quot;:true,&quot;template&quot;:{&quot;loop&quot;:true}}\" style=\"--fg-title-line-clamp: 0; --fg-description-line-clamp: 0;\" >\n\t<div class=\"fiv-inner\">\n\t\t<div class=\"fiv-inner-container\">\n\t\t\t\t\t<\/div>\n\t\t<div class=\"fiv-ctrls\">\n\t\t\t<button type=\"button\" class=\"fiv-prev\" title=\"Prev\"><span>Prev<\/span><\/button>\n\t\t\t<label class=\"fiv-count\"><span class=\"fiv-count-current\">1<\/span>of<span class=\"fiv-count-total\">33<\/span><\/label>\n\t\t\t<button type=\"button\" class=\"fiv-next\" title=\"Next\"><span>Next<\/span><\/button>\n\t\t<\/div>\n\t<\/div>\n<\/div>\n<p style=\"text-align: justify\">Na \u00faltima segunda-feira (29), A presidente do SindEnfermeiro-DF, Dayse Amar\u00edlio, os diretores do sindicato e outras entidades ligadas \u00e0 sa\u00fade, se reuniram para avaliar, pontuar e apresentar propostas para o governador eleito, Ibaneis Rocha. A reuni\u00e3o contou tamb\u00e9m, com a presen\u00e7a do deputado distrital eleito, Jorge Vianna (PODEMOS).<\/p>\n<p style=\"text-align: justify\">\u201cO encontro foi fundamental para definir o perfil ideal do pr\u00f3ximo secret\u00e1rio de sa\u00fade. Ele precisa ter um perfil multidisciplinar, transitar bem entre as categorias e ter um olhar sens\u00edvel as necessidades dos servidores e para as demandas da sa\u00fade do Distrito Federal.\u201d, afirmou Dayse Amar\u00edlio.<\/p>\n<p style=\"text-align: justify\">\u00a0O SindEnfermeiro estar\u00e1 sempre empenhado na luta e defesa de uma sa\u00fade p\u00fablica acess\u00edvel, resolutiva e universal, na valoriza\u00e7\u00e3o e autonomia da enfermagem e na n\u00e3o privatiza\u00e7\u00e3o dos hospitais p\u00fablicos do DF.<\/p>\n","protected":false},"excerpt":{"rendered":"<p>Na \u00faltima segunda-feira (29), A presidente do SindEnfermeiro-DF, Dayse Amar\u00edlio, os diretores do sindicato e outras entidades ligadas \u00e0 sa\u00fade, se reuniram para avaliar, pontuar e apresentar propostas para o governador eleito, Ibaneis Rocha. A reuni\u00e3o contou tamb\u00e9m, com a presen\u00e7a do deputado distrital eleito, Jorge Vianna (PODEMOS). \u201cO encontro foi fundamental para definir o [&hellip;]<\/p>\n","protected":false},"author":6,"featured_media":4580,"comment_status":"closed","ping_status":"closed","sticky":false,"template":"","format":"standard","meta":{"footnotes":""},"categories":[5,2],"tags":[99,47,81,44],"class_list":["post-4521","post","type-post","status-publish","format-standard","has-post-thumbnail","hentry","category-rede-publica","category-teste","tag-enfermagem-df","tag-rede-publica","tag-ses-df","tag-sindenfermeiro-df"],"_links":{"self":[{"href":"https:\/\/sindenfermeiro.com.br\/index.php\/wp-json\/wp\/v2\/posts\/4521","targetHints":{"allow":["GET"]}}],"collection":[{"href":"https:\/\/sindenfermeiro.com.br\/index.php\/wp-json\/wp\/v2\/posts"}],"about":[{"href":"https:\/\/sindenfermeiro.com.br\/index.php\/wp-json\/wp\/v2\/types\/post"}],"author":[{"embeddable":true,"href":"https:\/\/sindenfermeiro.com.br\/index.php\/wp-json\/wp\/v2\/users\/6"}],"replies":[{"embeddable":true,"href":"https:\/\/sindenfermeiro.com.br\/index.php\/wp-json\/wp\/v2\/comments?post=4521"}],"version-history":[{"count":1,"href":"https:\/\/sindenfermeiro.com.br\/index.php\/wp-json\/wp\/v2\/posts\/4521\/revisions"}],"predecessor-version":[{"id":32927,"href":"https:\/\/sindenfermeiro.com.br\/index.php\/wp-json\/wp\/v2\/posts\/4521\/revisions\/32927"}],"wp:featuredmedia":[{"embeddable":true,"href":"https:\/\/sindenfermeiro.com.br\/index.php\/wp-json\/"}],"wp:attachment":[{"href":"https:\/\/sindenfermeiro.com.br\/index.php\/wp-json\/wp\/v2\/media?parent=4521"}],"wp:term":[{"taxonomy":"category","embeddable":true,"href":"https:\/\/sindenfermeiro.com.br\/index.php\/wp-json\/wp\/v2\/categories?post=4521"},{"taxonomy":"post_tag","embeddable":true,"href":"https:\/\/sindenfermeiro.com.br\/index.php\/wp-json\/wp\/v2\/tags?post=4521"}],"curies":[{"name":"wp","href":"https:\/\/api.w.org\/{rel}","templated":true}]}}