{"id":45199,"date":"2025-06-27T09:30:18","date_gmt":"2025-06-27T12:30:18","guid":{"rendered":"https:\/\/sindenfermeiro.com.br\/?p=45199"},"modified":"2026-05-01T05:42:13","modified_gmt":"2026-05-01T08:42:13","slug":"o-desfinanciamento-da-saude-publica-no-df-como-projeto-politico-de-ibaneis-rocha","status":"publish","type":"post","link":"https:\/\/sindenfermeiro.com.br\/index.php\/2025\/06\/27\/o-desfinanciamento-da-saude-publica-no-df-como-projeto-politico-de-ibaneis-rocha\/","title":{"rendered":"O DESFINANCIAMENTO DA SA\u00daDE P\u00daBLICA NO DF COMO PROJETO POL\u00cdTICO DE IBANEIS ROCHA"},"content":{"rendered":"<p><em><span style=\"font-weight: 400\">Por Jorge Henrique, Presidente do SindEnfermeiro-DF<\/span><\/em><\/p>\n<p><img loading=\"lazy\" decoding=\"async\" class=\"alignnone size-medium wp-image-45200\" src=\"https:\/\/sindenfermeiro.com.br\/wp-content\/uploads\/2025\/06\/WhatsApp-Image-2025-06-27-at-09.03.15-300x200.jpeg\" alt=\"\" width=\"300\" height=\"200\" srcset=\"https:\/\/sindenfermeiro.com.br\/wp-content\/uploads\/2025\/06\/WhatsApp-Image-2025-06-27-at-09.03.15-300x200.jpeg 300w, https:\/\/sindenfermeiro.com.br\/wp-content\/uploads\/2025\/06\/WhatsApp-Image-2025-06-27-at-09.03.15-1024x682.jpeg 1024w, https:\/\/sindenfermeiro.com.br\/wp-content\/uploads\/2025\/06\/WhatsApp-Image-2025-06-27-at-09.03.15-768x511.jpeg 768w, https:\/\/sindenfermeiro.com.br\/wp-content\/uploads\/2025\/06\/WhatsApp-Image-2025-06-27-at-09.03.15.jpeg 1440w\" sizes=\"auto, (max-width: 300px) 100vw, 300px\" \/><\/p>\n<p><span style=\"font-size: 8pt\"><em>Jorge Henrique, presidente do SindEnfermeiro-DF<\/em><\/span><\/p>\n<p><span style=\"font-weight: 400\">Escrevo esse artigo com o intuito de aprofundar a discuss\u00e3o sobre o or\u00e7amento da sa\u00fade p\u00fablica no Distrito Federal, em especial no momento em que o debate p\u00fablico acerca de investimentos na sa\u00fade vem sendo impregnado pelo fiscalismo ret\u00f3rico e pela\u00a0restri\u00e7\u00e3o or\u00e7ament\u00e1ria, traduzidos na necessidade de cortes gastos em pol\u00edticas p\u00fablicas.\u00a0 Al\u00e9m disso, chamo a aten\u00e7\u00e3o para a necessidade de se defender a amplia\u00e7\u00e3o do investimento na sa\u00fade como estrat\u00e9gia de supera\u00e7\u00e3o da crise atual no setor e de desenvolvimento econ\u00f4mico da cidade.\u00a0<\/span><\/p>\n<p><span style=\"font-weight: 400\">Ainda existe um mantra entre a popula\u00e7\u00e3o e profissionais da sa\u00fade que associa os problemas na rede assistencial \u00e0 falta de gest\u00e3o. \u00c9 quase um totem! \u00c9 preciso desmistificar essa discuss\u00e3o, mostrando que os processos de gest\u00e3o s\u00e3o din\u00e2micos e est\u00e3o vinculados \u00e0s rela\u00e7\u00f5es econ\u00f4micas, an\u00e1lise s\u00f3cioespacial da sa\u00fade, territorializa\u00e7\u00e3o, epidemiologia e aos processos produtivos-tecnol\u00f3gicos. Ou seja, isso remete \u00e0 discuss\u00e3o sobre investimentos em tecnologias de informa\u00e7\u00e3o, big data, ci\u00eancia e inova\u00e7\u00e3o para planejamento, melhoria da capacidade de gest\u00e3o e destrui\u00e7\u00e3o criativa na sa\u00fade.<\/span><\/p>\n<p><span style=\"font-weight: 400\">Tudo isso exige um esfor\u00e7o em pensar a din\u00e2mica pol\u00edtico-econ\u00f4mica do DF e em como os setores produtivos (que criam valor agregado) podem subvencionar setores n\u00e3o produtivos essenciais como a sa\u00fade p\u00fablica, atrav\u00e9s de uma matriz \u201cinsumo-produto\u201d, principalmente no atual momento de estrangulamento da sa\u00fade p\u00fablica da capital federal que passa por uma crise sem precedentes.\u00a0<\/span><\/p>\n<p><strong>DESFINANCIAMENTO DA SA\u00daDE P\u00daBLICANO DF<\/strong><\/p>\n<p><span style=\"font-weight: 400\">Desde o in\u00edcio do seu governo, Ibaneis Rocha vem promovendo constrangimentos \u00e0 sa\u00fade, reduzindo sistematicamente o investimento em a\u00e7\u00f5es e servi\u00e7os p\u00fablicos. Dados do Portal da Transpar\u00eancia revelam que apesar de o DF ter apresentado um aumento de mais de 100% no repasse do Fundo Constitucional (FCDF) nos \u00faltimos 10 anos (em 2023, o Fundo atingiu R$ 23 bilh\u00f5es, ante os R$ 10 bilh\u00f5es de 2013), o or\u00e7amento do pr\u00f3prio Tesouro do DF, utilizado para investimento na sa\u00fade p\u00fablica em 2023, foi o mesmo de 2013 (aproximadamente R$ 3 bilh\u00f5es), o que na pr\u00e1tica representa um desinvestimento do governo na \u00e1rea.\u00a0<\/span><\/p>\n<p><span style=\"font-weight: 400\">Em 2013, o percentual investido do FCDF (R$ 3 bilh\u00f5es) representava 50% do or\u00e7amento total da sa\u00fade (R$ 6 bilh\u00f5es). Ou seja, os outros 50% eram financiados pelo pr\u00f3prio Governo do DF (GDF). Em 2023, o valor repassado do FCDF para a sa\u00fade foi de R$ 7 bilh\u00f5es (um aumento de mais de 100% em 10 anos), entretanto, o investimento do GDF na sa\u00fade p\u00fablica teve queda de R$ 1,3 bilh\u00e3o do ano de 2022 para 2023, atingindo as cifras de R$ 3,1 bilh\u00f5es, valor m\u00ednimo exigido por lei.<\/span><\/p>\n<p><span style=\"font-weight: 400\">Esta quantia de investimento do pr\u00f3prio Tesouro do DF s\u00f3 representou 30% do or\u00e7amento total da sa\u00fade em 2023. Portanto, se Ibaneis tivesse investido o mesmo percentual do FCDF de 2013 (50%), a sa\u00fade p\u00fablica teria mais R$ 4 bilh\u00f5es dispon\u00edveis para investimento. \u00c9 importante frisar que o <\/span><span style=\"font-weight: 400\">or\u00e7amento total do GDF para o ano de 2013 foi de R$ 31 bilh\u00f5es, enquanto em 2023 atingiu R$ 60 bi, o dobro de dez anos atr\u00e1s.<\/span><\/p>\n<p><span style=\"font-weight: 400\">O m\u00ednimo constitucional da sa\u00fade no DF atingiu seu pico em 2015, com um percentual de 21,29% das receitas correntes l\u00edquidas, atingindo seu m\u00ednimo em 2023 (13,64%), considerando que o or\u00e7amento do GDF (fiscal, seguridade social e empresas estatais) foi de R$ 38 bi aproximadamente. Somando as fontes de recurso (FCDF, Minist\u00e9rio da Sa\u00fade, GDF, e emendas parlamentares federal e distrital), o percentual do total das despesas liquidadas pelo GDF no ano de 2024 \u00e9 de apenas 28% (R$ 3,4 bilh\u00f5es). Isso significa que a maior parte da execu\u00e7\u00e3o or\u00e7ament\u00e1ria da sa\u00fade fica a cargo do FCDF.\u00a0<\/span><\/p>\n<p><span style=\"font-weight: 400\">A taxa de investimento considerando os mais de R$ 12 bi do or\u00e7amento da sa\u00fade \u00e9 de apenas 1,7% (R$ 150 milh\u00f5es). Ou seja, separando as despesas com pessoal e as despesas correntes, \u00e9 praticamente inexistente o investimento na sa\u00fade p\u00fablica. Isso aponta para um cen\u00e1rio sem or\u00e7amento para inova\u00e7\u00e3o, pesquisa e desenvolvimento, ci\u00eancia e tecnologia, infraestrutura, novos processos gerenciais e de trabalho.\u00a0 Com uma baix\u00edssima taxa de investimento p\u00fablico, a maior parte do or\u00e7amento \u00e9 destinada para despesa com pessoal (90%). Desse modo, o governo utiliza, ami\u00fade, o discurso de que os problemas da sa\u00fade p\u00fablica s\u00e3o devidos aos sal\u00e1rios dos servidores.<br \/>\n<\/span><\/p>\n<p>\u00c9 esta mesma pr\u00e1tica de restri\u00e7\u00e3o or\u00e7ament\u00e1ria que mant\u00e9m o d\u00e9ficit de 25 mil servidores nos servi\u00e7os p\u00fablicos de sa\u00fade. A verdade \u00e9 que o governo vem descumprindo a pr\u00f3pria Lei Or\u00e7ament\u00e1ria Anual, que garante nomea\u00e7\u00f5es de servidores para \u00e1reas priorit\u00e1rias como sa\u00fade, educa\u00e7\u00e3o, assist\u00eancia social e seguran\u00e7a. Segundo dados do Infosa\u00fade, Ibaneis foi o governador que menos nomeou servidores da sa\u00fade nos \u00faltimos 25 anos.<\/p>\n<p>Com base no Projeto de LDO de 2026, PL N\u00ba 1742\/2025, a rela\u00e7\u00e3o da despesa total de pessoal com a Receita Corrente L\u00edquida (RCL) atingir\u00e1 o percentual de 34,68%, o menor da s\u00e9rie hist\u00f3rica iniciada em 2001. Este percentual est\u00e1 muito abaixo dos 49% preconizados pela Lei de Responsabilidade Fiscal (LRF) e aponta para uma pol\u00edtica deliberada de restri\u00e7\u00e3o or\u00e7ament\u00e1ria. Pode representar, na pr\u00e1tica, uma derrota hist\u00f3rica dos servidores p\u00fablicos, ou seja, a extin\u00e7\u00e3o do regime jur\u00eddico \u00fanico (RJU) na sa\u00fade do DF.<\/p>\n<p><strong>ACUMULA\u00c7\u00c3O DE RIQUEZA X CORTES DE INVESTIMENTO P\u00daBLICOS (RENTISMO X AUSTERIDADE FISCAL)<\/strong><\/p>\n<p><span style=\"font-weight: 400\">O desinvestimento na sa\u00fade p\u00fablica \u00e9 uma op\u00e7\u00e3o pol\u00edtica de Ibaneis Rocha. Mas para entendermos como a sa\u00fade e outras pol\u00edticas p\u00fablicas sofrem constrangimento em seu financiamento \u00e9 importante compreender como se d\u00e1 a din\u00e2mica de acumula\u00e7\u00e3o de riqueza no DF, pois ela se d\u00e1 de forma estrita e completamente alicer\u00e7ada pelo Estado. Ou seja, o contingenciamento or\u00e7ament\u00e1rio do investimento p\u00fablico \u00e9 corol\u00e1rio da pol\u00edtica de concentra\u00e7\u00e3o de capital.\u00a0\u00a0<\/span><\/p>\n<p><span style=\"font-weight: 400\">As principais atividades que delimitam essas formas de acumula\u00e7\u00e3o no DF s\u00e3o: ren\u00fancia fiscal, contratualiza\u00e7\u00f5es e terceiriza\u00e7\u00f5es de servi\u00e7os p\u00fablicos, rentismo\/ aluguel da terra e de im\u00f3veis (habita\u00e7\u00e3o), cr\u00e9dito imobili\u00e1rio, securitiza\u00e7\u00e3o da d\u00edvida p\u00fablica e a consequente financeiriza\u00e7\u00e3o da economia.\u00a0\u00a0\u00a0\u00a0<\/span><\/p>\n<p><span style=\"font-weight: 400\">O Distrito Federal possui uma economia que a participa\u00e7\u00e3o da ind\u00fastria \u00e9 pequena se comparada ao setor de servi\u00e7os. Em 2023, o setor industrial respondeu por cerca de 3,9\u202f% do PIB distrital, enquanto os servi\u00e7os representaram aproximadamente 95,6\u202f%. O DF responde por cerca de 1,2\u202f% do total de empresas industriais do Brasil (dados do portal da ind\u00fastria).\u00a0<\/span><\/p>\n<p><span style=\"font-weight: 400\">O principal segmento industrial local \u00e9 o da constru\u00e7\u00e3o civil, com mais de 50% de participa\u00e7\u00e3o PIB industrial do DF. Isso expressa o peso do rentismo da terra e do aluguel de im\u00f3veis no processo de financeiriza\u00e7\u00e3o, devido principalmente \u00e0 estreita rela\u00e7\u00e3o com o cr\u00e9dito (empr\u00e9stimos) banc\u00e1rios e ao processo de explora\u00e7\u00e3o, valoriza\u00e7\u00e3o e especula\u00e7\u00e3o da terra e imobili\u00e1ria, que engendra paralelamente uma din\u00e2mica de desigualdade social e econ\u00f4mica, concentra\u00e7\u00e3o da propriedade, gentrifica\u00e7\u00e3o, al\u00e9m da eleva\u00e7\u00e3o dos pre\u00e7os de aluguel e habita\u00e7\u00e3o.<\/span><\/p>\n<p><span style=\"font-weight: 400\">N\u00e3o \u00e9 \u00e0 toa que a propriedade da terra e imobili\u00e1ria s\u00e3o as principais atividades econ\u00f4micas no processo de acumula\u00e7\u00e3o de riqueza no DF. Isso imp\u00f5e uma l\u00f3gica de aus\u00eancia de atividades produtivas diretas e de pol\u00edticas p\u00fablicas de desenvolvimento econ\u00f4mico sobre a terra.\u00a0<\/span><\/p>\n<p><span style=\"font-weight: 400\">Esse processo de financeiriza\u00e7\u00e3o \u00e9 refor\u00e7ado atrav\u00e9s de empr\u00e9stimos banc\u00e1rios para a popula\u00e7\u00e3o e servidores que contraem d\u00edvidas para compra de im\u00f3veis no DF. Isso eleva pre\u00e7o de aluguel, produtos e alimentos, revitalizando o ciclo de endividamento e crise financeira da popula\u00e7\u00e3o, ao passo que propriet\u00e1rios da terra e de im\u00f3veis ficam mais ricos.\u00a0<\/span><\/p>\n<p><span style=\"font-weight: 400\">A atual dimens\u00e3o do processo de desindustrializa\u00e7\u00e3o do DF, aumento da rentabilidade da terra e do aluguel da habita\u00e7\u00e3o, al\u00e9m do crescimento do setor de servi\u00e7os, leva a uma din\u00e2mica de gera\u00e7\u00e3o de lucro a partir do rentismo e da financeiriza\u00e7\u00e3o da economia, e a um consequente desinvestimento no setor produtivo destes setores.<\/span><\/p>\n<p><span style=\"font-weight: 400\">Outra din\u00e2mica \u00e9 a securitiza\u00e7\u00e3o da d\u00edvida ativa, que aproxima o processo de funcionamento da financeiriza\u00e7\u00e3o da economia do DF \u00e0 pol\u00edtica fiscal e or\u00e7ament\u00e1ria do governo Ibaneis. Este ano, por exemplo, o GDF anunciou a venda de ativos da d\u00edvida na ordem de R$ 41 bilh\u00f5es. Essa a\u00e7\u00e3o tem com objetivo remunerar a sobra de caixa de bancos, grandes corpora\u00e7\u00f5es e empresas.<\/span><\/p>\n<p><span style=\"font-weight: 400\">Isso acontece em cidades onde as principais atividades econ\u00f4micas est\u00e3o relacionadas ao setor financeiro, de seguros, imobili\u00e1rio e servi\u00e7os. S\u00e3o setores que n\u00e3o investem no setor produtivo industrial, portanto, n\u00e3o produzem valor na sociedade atrav\u00e9s do trabalho. A riqueza \u00e9 gerada atrav\u00e9s da transfer\u00eancia do valor em posse de uma grande parte da popula\u00e7\u00e3o atrav\u00e9s do pagamento de juros para estes setores que vivem da renda.\u00a0\u00a0\u00a0<\/span><\/p>\n<p><span style=\"font-weight: 400\">O governo para remunerar a sobra de caixa de grandes corpora\u00e7\u00f5es, empres\u00e1rios e bancos, recruta a maior parte dessa riqueza atrav\u00e9s da entrega de t\u00edtulos p\u00fablicos do DF. Para honrar estas opera\u00e7\u00f5es com pagamento de juros para os propriet\u00e1rios da d\u00edvida ativa, o governo gera super\u00e1vit prim\u00e1rio atrav\u00e9s da redu\u00e7\u00e3o do or\u00e7amento e da taxa de investimento em \u00e1reas como a sa\u00fade e educa\u00e7\u00e3o p\u00fablicas.\u00a0<\/span><\/p>\n<p><span style=\"font-weight: 400\">Outra forma de ac\u00famulo de riqueza que alimenta a l\u00f3gica financista da economia \u00e9 a ren\u00fancia fiscal. De 2019 a 2025, Ibaneis Rocha elevou de R$ 1,9 bilh\u00e3o para R$ 9 bilh\u00f5es de ren\u00fancia, com previs\u00e3o de R$ 10,2 bilh\u00f5es de montante para 2026 (dados do Projeto de Lei N\u00ba 1.742\/ 2025). Este benef\u00edcio representa mais de 70% do or\u00e7amento da sa\u00fade p\u00fablica para o ano de 2025.\u00a0<\/span><\/p>\n<p><span style=\"font-weight: 400\">Se considerarmos que os setores que se beneficiam da ren\u00fancia n\u00e3o investem no setor produtivo industrial, pesquisa e desenvolvimento, ci\u00eancia e tecnologia, o governo faz uma op\u00e7\u00e3o pol\u00edtica em n\u00e3o desenvolver a cidade a partir do investimento em pol\u00edticas p\u00fablicas que tem efeitos de encadeamento sobre gera\u00e7\u00e3o de empregos, bens e servi\u00e7os.\u00a0<\/span><\/p>\n<p><span style=\"font-weight: 400\">As terceiriza\u00e7\u00f5es t\u00eam sido outro instrumento de transfer\u00eancia de recursos p\u00fablicos para empresas contratualizadas, em especial na sa\u00fade. Desde 2019, Ibaneis avan\u00e7a com o processo de entrega da gest\u00e3o das unidades para o Instituto de Gest\u00e3o Estrat\u00e9gica em Sa\u00fade (IGES). A execu\u00e7\u00e3o or\u00e7ament\u00e1ria do IGES em 2024 atingiu R$ 1,77 bilh\u00e3o, a maior quantia repassada pelo GDF desde o surgimento do Instituto. Esse valor representou quase 20% do or\u00e7amento da sa\u00fade. Al\u00e9m disso, a SES tem contratos ativos para servi\u00e7os de UTI, cirurgias eletivas, anestesiologia, homecare, radioterapia, cardiologia, transplante, terapia renal, oftalmologia e outros. Os gastos com servi\u00e7os assistenciais complementares somam mais de R$ 600 milh\u00f5es em despesas autorizadas.\u00a0<\/span><\/p>\n<p><span style=\"font-weight: 400\">Essa din\u00e2mica crescente de terceiriza\u00e7\u00f5es\/ contratualiza\u00e7\u00f5es alimenta o mecanismo de transfer\u00eancia de recursos para o setor privado que, al\u00e9m de receberem benef\u00edcios fiscais, n\u00e3o investem no setor produtivo inovador, tampouco em atividades que proporcionem desenvolvimento econ\u00f4mico, j\u00e1 que a subven\u00e7\u00e3o com recursos p\u00fablicos \u00e9 uma atividade bastante lucrativa e de curto prazo.\u00a0<\/span><\/p>\n<p><strong>SA\u00daDE \u00c9 DESENVOLVIMENTO<\/strong><\/p>\n<p><span style=\"font-weight: 400\">Como afirmo no in\u00edcio do texto, a amplia\u00e7\u00e3o do investimento na sa\u00fade deve ser vista como estrat\u00e9gia de supera\u00e7\u00e3o da crise atual no setor e de desenvolvimento econ\u00f4mico da cidade. A vantagem de o DF possuir um expressivo aporte do Fundo Constitucional (R$ 25 bilh\u00f5es em 2025) deveria ser encarada pelo GDF como uma oportunidade de desenvolver a cidade tendo como vetor o setor sa\u00fade.<\/span><\/p>\n<p><span style=\"font-weight: 400\">O DF tem base produtiva-tecnol\u00f3gica insuficiente, decorrente da din\u00e2mica de produ\u00e7\u00e3o de produtos de menor valor agregado e do desfinanciamento de setores estrat\u00e9gicos. Isso gera obst\u00e1culos objetivos \u00e0 expans\u00e3o do SUS, al\u00e9m de desigualdades e assimetrias no acesso a bens e servi\u00e7os de sa\u00fade. Pressup\u00f5e-se, portanto, que a expans\u00e3o de uma base produtiva atrav\u00e9s da consolida\u00e7\u00e3o de um Complexo Econ\u00f4mico Industrial da Sa\u00fade seja imprescind\u00edvel.\u00a0<\/span><\/p>\n<p><span style=\"font-weight: 400\">Vimos, nos \u00faltimos anos, que Bras\u00edlia enfrentou epidemias devido a eventos clim\u00e1ticos intensos. A emerg\u00eancia de novos pat\u00f3genos e outros efeitos das mudan\u00e7as clim\u00e1ticas devem colocar os sistemas de sa\u00fade em estado de crise sanit\u00e1ria permanente. Esse novo cen\u00e1rio imp\u00f5e novas possibilidades tecnol\u00f3gicas para promo\u00e7\u00e3o, preven\u00e7\u00e3o e prote\u00e7\u00e3o \u00e0 sa\u00fade das pessoas, com atividades que permitam adensar o tecido produtivo e compatibiliza-lo com a demanda social de sa\u00fade.<\/span><\/p>\n<p><span style=\"font-weight: 400\">Mas essa consolida\u00e7\u00e3o deve estar fortemente atrelada a investimentos em inova\u00e7\u00e3o tecnol\u00f3gica, produ\u00e7\u00e3o de vacinas, medicamentos, reagentes para diagn\u00f3stico, equipamentos que impactam as pr\u00e1ticas assistenciais, com efeitos para o setor de servi\u00e7os hospitalar, terap\u00eautico e diagn\u00f3stico, os quais organizam o consumo desses produtos. Ou seja, \u00e9 necess\u00e1rio para o DF uma pol\u00edtica or\u00e7ament\u00e1ria oposta \u00e0 adotada por Ibaneis Rocha, orientado aos desafios da sa\u00fade e que reforce a centralidade da ci\u00eancia, tecnologia e inova\u00e7\u00e3o para a economia.\u00a0<\/span><\/p>\n<p><span style=\"font-weight: 400\">Neste momento que escrevo esse artigo, Ibaneis publica decreto que prev\u00ea o contingenciamento de R$ 1 bilh\u00e3o em investimentos p\u00fablicos. A \u00e1rea com o maior corte foi a Sa\u00fade, com um contingenciamento de R$ 415 milh\u00f5es. Com a atual crise, esse corte representa o sufocamento deliberado da sa\u00fade p\u00fablica, um crime contra a popula\u00e7\u00e3o do DF. Expressa, em \u00faltimo grau de an\u00e1lise, uma pol\u00edtica <\/span><span style=\"font-weight: 400\">consciente, deliberada e orientada para a entrega de toda a infraestrutura da cidade e o or\u00e7amento para o setor privado.\u00a0<\/span><\/p>\n<p><span style=\"font-weight: 400\">Para se reverter o atual curso de deteriora\u00e7\u00e3o da sa\u00fade p\u00fablica \u00e9 necess\u00e1ria que o projeto de Ibaneis\/ Celina seja derrotado e que haja a condu\u00e7\u00e3o de um outro bloco pol\u00edtico ao Buriti, que coloque o or\u00e7amento a servi\u00e7o da maioria da popula\u00e7\u00e3o. S\u00f3 a unidade de trabalhadores e trabalhadoras, sindicatos, movimentos sociais para frear o processo de terceiriza\u00e7\u00e3o da sa\u00fade e fazer com que o or\u00e7amento p\u00fablico seja usado para nomear mais servidores, melhorar sua infraestrutura, construir novas unidades, acabar com a fragmenta\u00e7\u00e3o da rede assistencial, e controlar a efici\u00eancia da gest\u00e3o com estrat\u00e9gias perenes de solu\u00e7\u00e3o dos problemas de sa\u00fade da popula\u00e7\u00e3o.\u00a0<\/span><\/p>\n<p><strong>REFER\u00caNCIAS BIBLIOGR\u00c1FICAS:<\/strong><\/p>\n<p><span style=\"font-weight: 400\">Gadelha CAG, Gimenez DM, Cassiolato JE. Sa\u00fade \u00e9 desenvolvimento: o Complexo Econ\u00f4mico-Industrial da Sa\u00fade como op\u00e7\u00e3o estrat\u00e9gica nacional. Rio de Janeiro: Centro de Estudos Estrat\u00e9gicos da Fiocruz; 2022. [acesso em 2025 jun 25]. Dispon\u00edvel em: <\/span><span style=\"font-weight: 400\">\u00bb https:\/\/mooc.campusvirtual.fiocruz.br\/rea\/introducao-sus\/assets\/docs\/CEE-Fiocruz-Saude-e-desenvolvimento.pdf<\/span><\/p>\n<p><span style=\"font-weight: 400\">Cassiolato JE, Falc\u00f3n ML, Szapiro MHS. Estado no S\u00e9culo XXI: reflex\u00f5es sobre estrat\u00e9gias, pol\u00edticas de desenvolvimento produtivo e inovativo e impactos para o CEIS a partir da experi\u00eancia internacional. <\/span><span style=\"font-weight: 400\">Dispon\u00edvel em: <\/span><span style=\"font-weight: 400\">\u00bb https:\/\/mooc.campusvirtual.fiocruz.br\/rea\/introducao-sus\/assets\/docs\/CEE-Fiocruz-Saude-e-desenvolvimento.pdf<\/span><\/p>\n<p><span style=\"font-weight: 400\">Portal da Transpar\u00eancia. Dispon\u00edvel em:\u00a0 <\/span><a href=\"https:\/\/www.transparencia.df.gov.br\/#\/orcamento\/ldo\"><span style=\"font-weight: 400\">https:\/\/www.transparencia.df.gov.br\/#\/orcamento\/ldo<\/span><\/a><\/p>\n<p><span style=\"font-weight: 400\">Relat\u00f3rio Detalhado do Quadrimestre Anterior. Dispon\u00edvel em: <\/span><a href=\"https:\/\/www.saude.df.gov.br\/raq\"><span style=\"font-weight: 400\">https:\/\/www.saude.df.gov.br\/raq<\/span><\/a><\/p>\n","protected":false},"excerpt":{"rendered":"<p>Por Jorge Henrique, Presidente do SindEnfermeiro-DF Jorge Henrique, presidente do SindEnfermeiro-DF Escrevo esse artigo com o intuito de aprofundar a discuss\u00e3o sobre o or\u00e7amento da sa\u00fade p\u00fablica no Distrito Federal, em especial no momento em que o debate p\u00fablico acerca de investimentos na sa\u00fade vem sendo impregnado pelo fiscalismo ret\u00f3rico e pela\u00a0restri\u00e7\u00e3o or\u00e7ament\u00e1ria, traduzidos na [&hellip;]<\/p>\n","protected":false},"author":6,"featured_media":45200,"comment_status":"open","ping_status":"open","sticky":false,"template":"","format":"standard","meta":{"footnotes":""},"categories":[6],"tags":[],"class_list":["post-45199","post","type-post","status-publish","format-standard","has-post-thumbnail","hentry","category-noticias"],"_links":{"self":[{"href":"https:\/\/sindenfermeiro.com.br\/index.php\/wp-json\/wp\/v2\/posts\/45199","targetHints":{"allow":["GET"]}}],"collection":[{"href":"https:\/\/sindenfermeiro.com.br\/index.php\/wp-json\/wp\/v2\/posts"}],"about":[{"href":"https:\/\/sindenfermeiro.com.br\/index.php\/wp-json\/wp\/v2\/types\/post"}],"author":[{"embeddable":true,"href":"https:\/\/sindenfermeiro.com.br\/index.php\/wp-json\/wp\/v2\/users\/6"}],"replies":[{"embeddable":true,"href":"https:\/\/sindenfermeiro.com.br\/index.php\/wp-json\/wp\/v2\/comments?post=45199"}],"version-history":[{"count":7,"href":"https:\/\/sindenfermeiro.com.br\/index.php\/wp-json\/wp\/v2\/posts\/45199\/revisions"}],"predecessor-version":[{"id":45207,"href":"https:\/\/sindenfermeiro.com.br\/index.php\/wp-json\/wp\/v2\/posts\/45199\/revisions\/45207"}],"wp:featuredmedia":[{"embeddable":true,"href":"https:\/\/sindenfermeiro.com.br\/index.php\/wp-json\/wp\/v2\/media\/45200"}],"wp:attachment":[{"href":"https:\/\/sindenfermeiro.com.br\/index.php\/wp-json\/wp\/v2\/media?parent=45199"}],"wp:term":[{"taxonomy":"category","embeddable":true,"href":"https:\/\/sindenfermeiro.com.br\/index.php\/wp-json\/wp\/v2\/categories?post=45199"},{"taxonomy":"post_tag","embeddable":true,"href":"https:\/\/sindenfermeiro.com.br\/index.php\/wp-json\/wp\/v2\/tags?post=45199"}],"curies":[{"name":"wp","href":"https:\/\/api.w.org\/{rel}","templated":true}]}}