{"id":45179,"date":"2025-06-12T16:58:01","date_gmt":"2025-06-12T19:58:01","guid":{"rendered":"https:\/\/sindenfermeiro.com.br\/?p=45179"},"modified":"2026-04-29T07:19:38","modified_gmt":"2026-04-29T10:19:38","slug":"enfermeiros-publicos-do-df-mantem-estado-de-greve","status":"publish","type":"post","link":"https:\/\/sindenfermeiro.com.br\/index.php\/2025\/06\/12\/enfermeiros-publicos-do-df-mantem-estado-de-greve\/","title":{"rendered":"Enfermeiros p\u00fablicos do DF mant\u00eam estado de greve"},"content":{"rendered":"<p>&nbsp;<\/p>\n<p><img loading=\"lazy\" decoding=\"async\" class=\"size-medium wp-image-45180 aligncenter\" src=\"https:\/\/sindenfermeiro.com.br\/wp-content\/uploads\/2025\/06\/WhatsApp-Image-2025-06-12-at-16.57.04-300x200.jpeg\" alt=\"\" width=\"300\" height=\"200\" srcset=\"https:\/\/sindenfermeiro.com.br\/wp-content\/uploads\/2025\/06\/WhatsApp-Image-2025-06-12-at-16.57.04-300x200.jpeg 300w, https:\/\/sindenfermeiro.com.br\/wp-content\/uploads\/2025\/06\/WhatsApp-Image-2025-06-12-at-16.57.04-1024x683.jpeg 1024w, https:\/\/sindenfermeiro.com.br\/wp-content\/uploads\/2025\/06\/WhatsApp-Image-2025-06-12-at-16.57.04-768x512.jpeg 768w, https:\/\/sindenfermeiro.com.br\/wp-content\/uploads\/2025\/06\/WhatsApp-Image-2025-06-12-at-16.57.04-1536x1024.jpeg 1536w, https:\/\/sindenfermeiro.com.br\/wp-content\/uploads\/2025\/06\/WhatsApp-Image-2025-06-12-at-16.57.04-2048x1365.jpeg 2048w\" sizes=\"auto, (max-width: 300px) 100vw, 300px\" \/><\/p>\n<p>Em assembleia realizada nesta ter\u00e7a (11), os enfermeiros da Secretaria de Sa\u00fade do DF decidiram manter o estado de greve. A categoria seguir\u00e1 com a\u00e7\u00f5es e paralisa\u00e7\u00f5es cont\u00ednuas pela isonomia, valoriza\u00e7\u00e3o profissional, nomea\u00e7\u00f5es e melhores condi\u00e7\u00f5es de trabalho.<\/p>\n<p>A decis\u00e3o veio ap\u00f3s um ato unificado com professores da rede p\u00fablica, em frente ao Pal\u00e1cio do Buriti, que reuniu tamb\u00e9m parlamentares, estudantes, ativistas e a popula\u00e7\u00e3o.<\/p>\n<p>Novas mobiliza\u00e7\u00f5es j\u00e1 est\u00e3o sendo preparadas para agosto. A luta continua!<\/p>\n","protected":false},"excerpt":{"rendered":"<p>&nbsp; Em assembleia realizada nesta ter\u00e7a (11), os enfermeiros da Secretaria de Sa\u00fade do DF decidiram manter o estado de greve. A categoria seguir\u00e1 com a\u00e7\u00f5es e paralisa\u00e7\u00f5es cont\u00ednuas pela isonomia, valoriza\u00e7\u00e3o profissional, nomea\u00e7\u00f5es e melhores condi\u00e7\u00f5es de trabalho. A decis\u00e3o veio ap\u00f3s um ato unificado com professores da rede p\u00fablica, em frente ao Pal\u00e1cio [&hellip;]<\/p>\n","protected":false},"author":6,"featured_media":45180,"comment_status":"open","ping_status":"open","sticky":false,"template":"","format":"standard","meta":{"footnotes":""},"categories":[6,5],"tags":[],"class_list":["post-45179","post","type-post","status-publish","format-standard","has-post-thumbnail","hentry","category-noticias","category-rede-publica"],"_links":{"self":[{"href":"https:\/\/sindenfermeiro.com.br\/index.php\/wp-json\/wp\/v2\/posts\/45179","targetHints":{"allow":["GET"]}}],"collection":[{"href":"https:\/\/sindenfermeiro.com.br\/index.php\/wp-json\/wp\/v2\/posts"}],"about":[{"href":"https:\/\/sindenfermeiro.com.br\/index.php\/wp-json\/wp\/v2\/types\/post"}],"author":[{"embeddable":true,"href":"https:\/\/sindenfermeiro.com.br\/index.php\/wp-json\/wp\/v2\/users\/6"}],"replies":[{"embeddable":true,"href":"https:\/\/sindenfermeiro.com.br\/index.php\/wp-json\/wp\/v2\/comments?post=45179"}],"version-history":[{"count":3,"href":"https:\/\/sindenfermeiro.com.br\/index.php\/wp-json\/wp\/v2\/posts\/45179\/revisions"}],"predecessor-version":[{"id":45183,"href":"https:\/\/sindenfermeiro.com.br\/index.php\/wp-json\/wp\/v2\/posts\/45179\/revisions\/45183"}],"wp:featuredmedia":[{"embeddable":true,"href":"https:\/\/sindenfermeiro.com.br\/index.php\/wp-json\/wp\/v2\/media\/45180"}],"wp:attachment":[{"href":"https:\/\/sindenfermeiro.com.br\/index.php\/wp-json\/wp\/v2\/media?parent=45179"}],"wp:term":[{"taxonomy":"category","embeddable":true,"href":"https:\/\/sindenfermeiro.com.br\/index.php\/wp-json\/wp\/v2\/categories?post=45179"},{"taxonomy":"post_tag","embeddable":true,"href":"https:\/\/sindenfermeiro.com.br\/index.php\/wp-json\/wp\/v2\/tags?post=45179"}],"curies":[{"name":"wp","href":"https:\/\/api.w.org\/{rel}","templated":true}]}}