{"id":45166,"date":"2025-06-02T16:03:45","date_gmt":"2025-06-02T19:03:45","guid":{"rendered":"https:\/\/sindenfermeiro.com.br\/?p=45166"},"modified":"2026-05-01T05:42:53","modified_gmt":"2026-05-01T08:42:53","slug":"comunicado-enfermeirosas-do-distrito-federal-beneficiariosas-do-plano-gdf-saude","status":"publish","type":"post","link":"https:\/\/sindenfermeiro.com.br\/index.php\/2025\/06\/02\/comunicado-enfermeirosas-do-distrito-federal-beneficiariosas-do-plano-gdf-saude\/","title":{"rendered":"Comunicado: Enfermeiros(as) do Distrito Federal, benefici\u00e1rios(as) do Plano GDF Sa\u00fade"},"content":{"rendered":"<p>Prezados(as) Enfermeiros(as) do Distrito Federal, benefici\u00e1rios(as) do Plano GDF Sa\u00fade<\/p>\n<p>Em 2023, o Sindicato dos Enfermeiros do Distrito Federal impetrou mandado de seguran\u00e7a, com pedido de liminar, referente \u00e0 edi\u00e7\u00e3o e publica\u00e7\u00e3o do Decreto Distrital n\u00ba 44.098, de 30 de agosto de 2023, o qual estabeleceu novos valores de contribui\u00e7\u00e3o mensal para os benefici\u00e1rios do Plano de Assist\u00eancia Suplementar \u00e0 Sa\u00fade \u2013 GDF Sa\u00fade.<\/p>\n<p>Nesse sentido, no \u00e2mbito do Processo Judicial n\u00ba 0741105-41.2023.8.07.0000, foi concedida decis\u00e3o liminar determinando a manuten\u00e7\u00e3o da cobran\u00e7a das mensalidades dos benefici\u00e1rios vinculados \u00e0 carreira de enfermagem com base nos par\u00e2metros estabelecidos pela Portaria n\u00ba 06, de 27 de outubro de 2020. Em decorr\u00eancia da referida decis\u00e3o judicial, os benefici\u00e1rios do Plano GDF Sa\u00fade pertencentes a essa carreira permaneceram sujeitos aos valores de contribui\u00e7\u00e3o anteriores ao reajuste, no per\u00edodo compreendido entre os meses de novembro de 2023 a mar\u00e7o de 2024.<\/p>\n<p>Contudo, em mar\u00e7o de 2024, a referida liminar perdeu sua vig\u00eancia em raz\u00e3o da extin\u00e7\u00e3o do processo sem julgamento do m\u00e9rito, o que resultou na cessa\u00e7\u00e3o de sua efic\u00e1cia e de seus efeitos. Assim, foi restabelecida a cobran\u00e7a das contribui\u00e7\u00f5es referentes ao per\u00edodo de novembro de 2023 a mar\u00e7o de 2024, nos termos do Decreto n\u00ba 44.908, de 30 de agosto de 2023.Nesse cen\u00e1rio, os benefici\u00e1rios que, amparados pela referida liminar, recolheram valores inferiores aos definidos ap\u00f3s o reajuste, dever\u00e3o quitar a diferen\u00e7a de mensalidade n\u00e3o recolhida durante o per\u00edodo de vig\u00eancia da medida judicial.<\/p>\n<p>Considerando a necessidade de regulariza\u00e7\u00e3o dos valores n\u00e3o recolhidos, o INAS informa que a cobran\u00e7a da diferen\u00e7a de mensalidade ser\u00e1 realizada em at\u00e9 5 (cinco) parcelas mensais, descontadas diretamente em folha de pagamento, com in\u00edcio a partir da compet\u00eancia de junho de 2025 e efeitos financeiros a partir de julho de 2025.<\/p>\n<p>A fim de facilitar a compreens\u00e3o dos benefici\u00e1rios quanto \u00e0 forma de cobran\u00e7a, segue abaixo tabela exemplificativa contendo a estimativa de valores a regularizar e o cronograma de descontos:<\/p>\n<p>Valor do d\u00e9bito Quantidade de Parcelas<br \/>\nDe R$ 0,01 a R$ 979,99 At\u00e9 1 parcela<br \/>\nDe R$ 980,00 a 1.469,99 At\u00e9 2 parcelas<br \/>\nDe R$ 1.470,00 a R$ 1.959,99 At\u00e9 3 parcelas<br \/>\nDe R$ 1.960,00 a R$ 2.449,99 At\u00e9 4 parcelas<br \/>\nAcima de R$ 2.450,00 At\u00e9 5 parcelas<\/p>\n<p>Caso o benefici\u00e1rio n\u00e3o possua mais v\u00ednculo com o Governo do Distrito Federal ou, por qualquer motivo n\u00e3o seja poss\u00edvel realizar o desconto em folha de pagamento, os valores referentes \u00e0 diferen\u00e7a de mensalidade dever\u00e3o ser pagos por meio de boleto banc\u00e1rio, que ser\u00e3o emitidos pelo INAS.<\/p>\n<p>Por fim, colocamo-nos \u00e0 disposi\u00e7\u00e3o pelos nossos canais de atendimento, quais sejam:<br \/>\n\u2022 Telefone: (61) 3521-5331<br \/>\n\u2022 E-mail: atendimento@inas.gov.br<br \/>\n\u2022 Atendimento presencial: Chefia de Atendimento ao Benefici\u00e1rio, localizada no Setor Comercial Sul \u2013 SCS, Quadra 09, Torre B, 1\u00ba Subsolo, Edif\u00edcio Parque Cidade Corporate, Asa Sul, Bras\u00edlia-DF, de segunda a sexta-feira, das 8h \u00e0s 18h.<\/p>\n","protected":false},"excerpt":{"rendered":"<p>Prezados(as) Enfermeiros(as) do Distrito Federal, benefici\u00e1rios(as) do Plano GDF Sa\u00fade Em 2023, o Sindicato dos Enfermeiros do Distrito Federal impetrou mandado de seguran\u00e7a, com pedido de liminar, referente \u00e0 edi\u00e7\u00e3o e publica\u00e7\u00e3o do Decreto Distrital n\u00ba 44.098, de 30 de agosto de 2023, o qual estabeleceu novos valores de contribui\u00e7\u00e3o mensal para os benefici\u00e1rios do [&hellip;]<\/p>\n","protected":false},"author":6,"featured_media":45167,"comment_status":"open","ping_status":"open","sticky":false,"template":"","format":"standard","meta":{"footnotes":""},"categories":[6],"tags":[],"class_list":["post-45166","post","type-post","status-publish","format-standard","has-post-thumbnail","hentry","category-noticias"],"_links":{"self":[{"href":"https:\/\/sindenfermeiro.com.br\/index.php\/wp-json\/wp\/v2\/posts\/45166","targetHints":{"allow":["GET"]}}],"collection":[{"href":"https:\/\/sindenfermeiro.com.br\/index.php\/wp-json\/wp\/v2\/posts"}],"about":[{"href":"https:\/\/sindenfermeiro.com.br\/index.php\/wp-json\/wp\/v2\/types\/post"}],"author":[{"embeddable":true,"href":"https:\/\/sindenfermeiro.com.br\/index.php\/wp-json\/wp\/v2\/users\/6"}],"replies":[{"embeddable":true,"href":"https:\/\/sindenfermeiro.com.br\/index.php\/wp-json\/wp\/v2\/comments?post=45166"}],"version-history":[{"count":1,"href":"https:\/\/sindenfermeiro.com.br\/index.php\/wp-json\/wp\/v2\/posts\/45166\/revisions"}],"predecessor-version":[{"id":45168,"href":"https:\/\/sindenfermeiro.com.br\/index.php\/wp-json\/wp\/v2\/posts\/45166\/revisions\/45168"}],"wp:featuredmedia":[{"embeddable":true,"href":"https:\/\/sindenfermeiro.com.br\/index.php\/wp-json\/wp\/v2\/media\/45167"}],"wp:attachment":[{"href":"https:\/\/sindenfermeiro.com.br\/index.php\/wp-json\/wp\/v2\/media?parent=45166"}],"wp:term":[{"taxonomy":"category","embeddable":true,"href":"https:\/\/sindenfermeiro.com.br\/index.php\/wp-json\/wp\/v2\/categories?post=45166"},{"taxonomy":"post_tag","embeddable":true,"href":"https:\/\/sindenfermeiro.com.br\/index.php\/wp-json\/wp\/v2\/tags?post=45166"}],"curies":[{"name":"wp","href":"https:\/\/api.w.org\/{rel}","templated":true}]}}