{"id":45155,"date":"2025-05-20T13:21:45","date_gmt":"2025-05-20T16:21:45","guid":{"rendered":"https:\/\/sindenfermeiro.com.br\/?p=45155"},"modified":"2026-04-29T05:52:34","modified_gmt":"2026-04-29T08:52:34","slug":"assembleia-com-enfermeiras-e-enfermeiros-do-hospital-vivar-l2-norte","status":"publish","type":"post","link":"https:\/\/sindenfermeiro.com.br\/index.php\/2025\/05\/20\/assembleia-com-enfermeiras-e-enfermeiros-do-hospital-vivar-l2-norte\/","title":{"rendered":"Assembleia com enfermeiras e enfermeiros do Hospital Vivar\/L2 Norte"},"content":{"rendered":"<p>Aten\u00e7\u00e3o, enfermeiros da Rede Vivar \/ L2 Norte!<\/p>\n<p>O SindEnfermeiro-DF convoca todos os enfermeiros que atuam na Rede Vivar \/ L2 Norte para assembleia ONLINE na pr\u00f3xima sexta-feira, dia 23 de maio, a partir das 15h (primeira chamada).<\/p>\n<p>\ud83d\udccbEm pauta:<\/p>\n<p>1) Informar a categoria sobre o andamento da negocia\u00e7\u00e3o com a institui\u00e7\u00e3o para o pagamento das verbas trabalhistas dos enfermeiros dispensados no fechamento do hospital;<br \/>\n2) Discutir e deliberar sobre as poss\u00edveis alternativas; e<br \/>\n3) Outros assuntos de interesse da categoria.<\/p>\n<p>\ud83d\udccdOn-line, por meio do aplicativo Zoom. Link de acesso: https:\/\/us02web.zoom.us\/j\/84560981814<\/p>\n<p>\u270a Sua presen\u00e7a \u00e9 fundamental para garantirmos os direitos da categoria!<\/p>\n","protected":false},"excerpt":{"rendered":"<p>Aten\u00e7\u00e3o, enfermeiros da Rede Vivar \/ L2 Norte! O SindEnfermeiro-DF convoca todos os enfermeiros que atuam na Rede Vivar \/ L2 Norte para assembleia ONLINE na pr\u00f3xima sexta-feira, dia 23 de maio, a partir das 15h (primeira chamada). \ud83d\udccbEm pauta: 1) Informar a categoria sobre o andamento da negocia\u00e7\u00e3o com a institui\u00e7\u00e3o para o pagamento [&hellip;]<\/p>\n","protected":false},"author":6,"featured_media":45078,"comment_status":"open","ping_status":"open","sticky":false,"template":"","format":"standard","meta":{"footnotes":""},"categories":[6,13],"tags":[],"class_list":["post-45155","post","type-post","status-publish","format-standard","has-post-thumbnail","hentry","category-noticias","category-rede-privada"],"_links":{"self":[{"href":"https:\/\/sindenfermeiro.com.br\/index.php\/wp-json\/wp\/v2\/posts\/45155","targetHints":{"allow":["GET"]}}],"collection":[{"href":"https:\/\/sindenfermeiro.com.br\/index.php\/wp-json\/wp\/v2\/posts"}],"about":[{"href":"https:\/\/sindenfermeiro.com.br\/index.php\/wp-json\/wp\/v2\/types\/post"}],"author":[{"embeddable":true,"href":"https:\/\/sindenfermeiro.com.br\/index.php\/wp-json\/wp\/v2\/users\/6"}],"replies":[{"embeddable":true,"href":"https:\/\/sindenfermeiro.com.br\/index.php\/wp-json\/wp\/v2\/comments?post=45155"}],"version-history":[{"count":3,"href":"https:\/\/sindenfermeiro.com.br\/index.php\/wp-json\/wp\/v2\/posts\/45155\/revisions"}],"predecessor-version":[{"id":45158,"href":"https:\/\/sindenfermeiro.com.br\/index.php\/wp-json\/wp\/v2\/posts\/45155\/revisions\/45158"}],"wp:featuredmedia":[{"embeddable":true,"href":"https:\/\/sindenfermeiro.com.br\/index.php\/wp-json\/wp\/v2\/media\/45078"}],"wp:attachment":[{"href":"https:\/\/sindenfermeiro.com.br\/index.php\/wp-json\/wp\/v2\/media?parent=45155"}],"wp:term":[{"taxonomy":"category","embeddable":true,"href":"https:\/\/sindenfermeiro.com.br\/index.php\/wp-json\/wp\/v2\/categories?post=45155"},{"taxonomy":"post_tag","embeddable":true,"href":"https:\/\/sindenfermeiro.com.br\/index.php\/wp-json\/wp\/v2\/tags?post=45155"}],"curies":[{"name":"wp","href":"https:\/\/api.w.org\/{rel}","templated":true}]}}