{"id":45145,"date":"2025-05-16T14:21:28","date_gmt":"2025-05-16T17:21:28","guid":{"rendered":"https:\/\/sindenfermeiro.com.br\/?p=45145"},"modified":"2026-04-29T07:00:12","modified_gmt":"2026-04-29T10:00:12","slug":"conferencia-debate-direitos-humanos-saude-e-dignidade-no-mundo-do-trabalho","status":"publish","type":"post","link":"https:\/\/sindenfermeiro.com.br\/index.php\/2025\/05\/16\/conferencia-debate-direitos-humanos-saude-e-dignidade-no-mundo-do-trabalho\/","title":{"rendered":"Confer\u00eancia debate direitos humanos, sa\u00fade e dignidade no mundo do trabalho"},"content":{"rendered":"<p>Come\u00e7ou hoje, na Coordena\u00e7\u00e3o de Ensino de Planaltina , a 3\u00aa Confer\u00eancia de Sa\u00fade do Trabalhador e da Trabalhadora da Regi\u00e3o Norte, com o tema \u201cDireitos Humanos em Sa\u00fade\u201d. O evento re\u00fane especialistas, trabalhadores, representantes de sindicatos, institui\u00e7\u00f5es p\u00fablicas e movimentos sociais para discutir os impactos do ambiente de trabalho na sa\u00fade f\u00edsica e mental dos trabalhadores e trabalhadoras brasileiras.<\/p>\n<p>Durante o evento, o presidente do Sindicato dos Enfermeiros do Distrito Federal, Jorge Henrique, participou de uma palestra e destacou a import\u00e2ncia da participa\u00e7\u00e3o social e do protagonismo dos trabalhadores na constru\u00e7\u00e3o das pol\u00edticas p\u00fablicas de sa\u00fade. \u201cA sa\u00fade do trabalhador nasce do conhecimento do trabalhador sobre sua pr\u00f3pria realidade. \u00c9 a partir da viv\u00eancia e da escuta que conseguimos pensar em pol\u00edticas p\u00fablicas que realmente combatam o sofrimento e promovam o desenvolvimento social, pol\u00edtico e cient\u00edfico do pa\u00eds\u201d, afirmou.<\/p>\n<p>Jorge Henrique tamb\u00e9m resgatou a origem da sa\u00fade do trabalhador como conceito herdado do movimento oper\u00e1rio italiano, que defendia a participa\u00e7\u00e3o ativa dos trabalhadores na formula\u00e7\u00e3o das pol\u00edticas de sa\u00fade. Para ele, \u00e9 fundamental integrar o conhecimento cient\u00edfico com o conhecimento vivido no ch\u00e3o de f\u00e1brica, nas unidades de sa\u00fade, nas escolas, no campo e em todos os espa\u00e7os de trabalho.<\/p>\n<p>A deputada federal Erika Kokay (PT-DF) tamb\u00e9m participou do evento e refor\u00e7ou a import\u00e2ncia de transformar o trabalho em um espa\u00e7o de dignidade. \u201cO trabalho n\u00e3o pode ser um local onde perdemos a capacidade de sonhar. Ele deve dignificar a nossa exist\u00eancia. Temos que ser movidos pelo prazer de desenvolver nossas atividades. \u00c9 por isso que essa confer\u00eancia \u00e9 t\u00e3o importante\u201d, disse.<\/p>\n<p>A precariza\u00e7\u00e3o das condi\u00e7\u00f5es de trabalho, impulsionada pelas novas tecnologias, a intensifica\u00e7\u00e3o das jornadas e a explora\u00e7\u00e3o do tempo de vida dos trabalhadores tamb\u00e9m foram pautas abordadas pelos participantes. \u201cQuando voc\u00ea compra algo, n\u00e3o paga com dinheiro, paga com o tempo da sua vida que teve que gastar para ter acesso ao dinheiro\u201d, lembrou a assistente social Raimunda Nonato, parafraseando o ex-presidente uruguaio Pepe Mujica. \u201cNosso tempo est\u00e1 sendo sequestrado em troca de um sal\u00e1rio.\u201d<\/p>\n<p>Outro ponto forte da confer\u00eancia foi a defesa de um Sistema \u00danico de Sa\u00fade gratuito, estatal e de qualidade. Os participantes refor\u00e7aram que a participa\u00e7\u00e3o popular \u00e9 fundamental para sustentar e aperfei\u00e7oar o SUS. \u201cOu pensamos a nossa sociedade como um projeto coletivo, com press\u00e3o popular e pol\u00edtica p\u00fablica, ou vamos assistir \u00e0 sua destrui\u00e7\u00e3o\u201d, concluiu Jorge Henrique.<\/p>\n<p>Ap\u00f3s as falas, os participantes se reuniram em tr\u00eas grupos de trabalho para debater propostas pr\u00e1ticas que busquem uma constru\u00e7\u00e3o de pol\u00edticas que respeitem os direitos humanos em sa\u00fade e enfrentem as desigualdades nos ambientes de trabalho.<\/p>\n<p>As discurs\u00e3o ser\u00e3o levadas para a plen\u00e1ria e ao final do evento ocorrer\u00e1 as escolhas dos delegados que representar\u00e3o a tem\u00e1tica na confer\u00eancia\u00a0distrital.<\/p>\n<p>&nbsp;<\/p>\n<p>Camila Piacesi, jornalista<\/p>\n","protected":false},"excerpt":{"rendered":"<p>Come\u00e7ou hoje, na Coordena\u00e7\u00e3o de Ensino de Planaltina , a 3\u00aa Confer\u00eancia de Sa\u00fade do Trabalhador e da Trabalhadora da Regi\u00e3o Norte, com o tema \u201cDireitos Humanos em Sa\u00fade\u201d. O evento re\u00fane especialistas, trabalhadores, representantes de sindicatos, institui\u00e7\u00f5es p\u00fablicas e movimentos sociais para discutir os impactos do ambiente de trabalho na sa\u00fade f\u00edsica e mental [&hellip;]<\/p>\n","protected":false},"author":6,"featured_media":45152,"comment_status":"open","ping_status":"open","sticky":false,"template":"","format":"standard","meta":{"footnotes":""},"categories":[6,13,5],"tags":[],"class_list":["post-45145","post","type-post","status-publish","format-standard","has-post-thumbnail","hentry","category-noticias","category-rede-privada","category-rede-publica"],"_links":{"self":[{"href":"https:\/\/sindenfermeiro.com.br\/index.php\/wp-json\/wp\/v2\/posts\/45145","targetHints":{"allow":["GET"]}}],"collection":[{"href":"https:\/\/sindenfermeiro.com.br\/index.php\/wp-json\/wp\/v2\/posts"}],"about":[{"href":"https:\/\/sindenfermeiro.com.br\/index.php\/wp-json\/wp\/v2\/types\/post"}],"author":[{"embeddable":true,"href":"https:\/\/sindenfermeiro.com.br\/index.php\/wp-json\/wp\/v2\/users\/6"}],"replies":[{"embeddable":true,"href":"https:\/\/sindenfermeiro.com.br\/index.php\/wp-json\/wp\/v2\/comments?post=45145"}],"version-history":[{"count":3,"href":"https:\/\/sindenfermeiro.com.br\/index.php\/wp-json\/wp\/v2\/posts\/45145\/revisions"}],"predecessor-version":[{"id":45526,"href":"https:\/\/sindenfermeiro.com.br\/index.php\/wp-json\/wp\/v2\/posts\/45145\/revisions\/45526"}],"wp:featuredmedia":[{"embeddable":true,"href":"https:\/\/sindenfermeiro.com.br\/index.php\/wp-json\/wp\/v2\/media\/45152"}],"wp:attachment":[{"href":"https:\/\/sindenfermeiro.com.br\/index.php\/wp-json\/wp\/v2\/media?parent=45145"}],"wp:term":[{"taxonomy":"category","embeddable":true,"href":"https:\/\/sindenfermeiro.com.br\/index.php\/wp-json\/wp\/v2\/categories?post=45145"},{"taxonomy":"post_tag","embeddable":true,"href":"https:\/\/sindenfermeiro.com.br\/index.php\/wp-json\/wp\/v2\/tags?post=45145"}],"curies":[{"name":"wp","href":"https:\/\/api.w.org\/{rel}","templated":true}]}}