{"id":45110,"date":"2025-04-24T12:43:40","date_gmt":"2025-04-24T15:43:40","guid":{"rendered":"https:\/\/sindenfermeiro.com.br\/?p=45110"},"modified":"2026-04-29T07:01:28","modified_gmt":"2026-04-29T10:01:28","slug":"sindenfermeiro-df-discute-encerramento-do-hospital-vivar-em-assembleia-com-a-categoria","status":"publish","type":"post","link":"https:\/\/sindenfermeiro.com.br\/index.php\/2025\/04\/24\/sindenfermeiro-df-discute-encerramento-do-hospital-vivar-em-assembleia-com-a-categoria\/","title":{"rendered":"SindEnfermeiro-DF discute encerramento do Hospital Vivar em assembleia com a categoria"},"content":{"rendered":"<p>Enfermeiras e enfermeiros do Hospital Vivar participaram, na \u00faltima quarta-feira (23), de uma assembleia convocada pelo SindEnfermeiro-DF ap\u00f3s o an\u00fancio de encerramento das atividades da unidade. A reuni\u00e3o, que durou mais de quatro horas, abordou irregularidades trabalhistas e o pagamento das verbas rescis\u00f3rias.<\/p>\n<p>Durante a assembleia, a advogada que representa os donos do hospital apresentou uma proposta de quita\u00e7\u00e3o das verbas. Parte dos profissionais aceitou o acordo, enquanto outros optaram por seguir com a\u00e7\u00f5es judiciais.<\/p>\n<p>\u26a0\ufe0f<strong>Trabalhadores que n\u00e3o estiveram presentes podem solicitar a ades\u00e3o ao acordo at\u00e9 as 16h de hoje (24), enviando nome completo e CPF para o jur\u00eddico do sindicato para an\u00e1lise, pelo e-mail juridico.sedf@gmail.com ou WhatsApp (61) 9277-3825.<\/strong><\/p>\n<p><em><strong>O SindEnfermeiro-DF segue acompanhando o caso e prestando assessoria jur\u00eddica \u00e0 categoria.<\/strong><\/em><\/p>\n","protected":false},"excerpt":{"rendered":"<p>Enfermeiras e enfermeiros do Hospital Vivar participaram, na \u00faltima quarta-feira (23), de uma assembleia convocada pelo SindEnfermeiro-DF ap\u00f3s o an\u00fancio de encerramento das atividades da unidade. A reuni\u00e3o, que durou mais de quatro horas, abordou irregularidades trabalhistas e o pagamento das verbas rescis\u00f3rias. Durante a assembleia, a advogada que representa os donos do hospital apresentou [&hellip;]<\/p>\n","protected":false},"author":6,"featured_media":45115,"comment_status":"open","ping_status":"open","sticky":false,"template":"","format":"standard","meta":{"footnotes":""},"categories":[6,13],"tags":[],"class_list":["post-45110","post","type-post","status-publish","format-standard","has-post-thumbnail","hentry","category-noticias","category-rede-privada"],"_links":{"self":[{"href":"https:\/\/sindenfermeiro.com.br\/index.php\/wp-json\/wp\/v2\/posts\/45110","targetHints":{"allow":["GET"]}}],"collection":[{"href":"https:\/\/sindenfermeiro.com.br\/index.php\/wp-json\/wp\/v2\/posts"}],"about":[{"href":"https:\/\/sindenfermeiro.com.br\/index.php\/wp-json\/wp\/v2\/types\/post"}],"author":[{"embeddable":true,"href":"https:\/\/sindenfermeiro.com.br\/index.php\/wp-json\/wp\/v2\/users\/6"}],"replies":[{"embeddable":true,"href":"https:\/\/sindenfermeiro.com.br\/index.php\/wp-json\/wp\/v2\/comments?post=45110"}],"version-history":[{"count":2,"href":"https:\/\/sindenfermeiro.com.br\/index.php\/wp-json\/wp\/v2\/posts\/45110\/revisions"}],"predecessor-version":[{"id":45113,"href":"https:\/\/sindenfermeiro.com.br\/index.php\/wp-json\/wp\/v2\/posts\/45110\/revisions\/45113"}],"wp:featuredmedia":[{"embeddable":true,"href":"https:\/\/sindenfermeiro.com.br\/index.php\/wp-json\/wp\/v2\/media\/45115"}],"wp:attachment":[{"href":"https:\/\/sindenfermeiro.com.br\/index.php\/wp-json\/wp\/v2\/media?parent=45110"}],"wp:term":[{"taxonomy":"category","embeddable":true,"href":"https:\/\/sindenfermeiro.com.br\/index.php\/wp-json\/wp\/v2\/categories?post=45110"},{"taxonomy":"post_tag","embeddable":true,"href":"https:\/\/sindenfermeiro.com.br\/index.php\/wp-json\/wp\/v2\/tags?post=45110"}],"curies":[{"name":"wp","href":"https:\/\/api.w.org\/{rel}","templated":true}]}}