{"id":45083,"date":"2025-04-16T15:36:39","date_gmt":"2025-04-16T18:36:39","guid":{"rendered":"https:\/\/sindenfermeiro.com.br\/?p=45083"},"modified":"2026-04-29T07:03:44","modified_gmt":"2026-04-29T10:03:44","slug":"sindicato-dos-enfermeiros-do-df-participa-da-1o-conferencia-nacional-livre-das-trabalhadoras-e-trabalhadores-da-saude","status":"publish","type":"post","link":"https:\/\/sindenfermeiro.com.br\/index.php\/2025\/04\/16\/sindicato-dos-enfermeiros-do-df-participa-da-1o-conferencia-nacional-livre-das-trabalhadoras-e-trabalhadores-da-saude\/","title":{"rendered":"Sindicato dos Enfermeiros do DF participa da 1\u00ba Confer\u00eancia Nacional Livre das Trabalhadoras e Trabalhadores da Sa\u00fade"},"content":{"rendered":"<p>O Sindicato dos Enfermeiros do Distrito Federal marcou presen\u00e7a na mesa de abertura da Confer\u00eancia Nacional Livre das Trabalhadoras e Trabalhadores da Sa\u00fade, com o tema &#8220;Dignidade, valoriza\u00e7\u00e3o e participa\u00e7\u00e3o pol\u00edtica&#8221;. O evento acontece ao longo desta quarta-feira (16), com programa\u00e7\u00e3o pela manh\u00e3 e \u00e0 tarde, e re\u00fane dirigentes sindicais, representantes do Minist\u00e9rio da Sa\u00fade, do Conselho Nacional de Sa\u00fade, da deputada federal Alice Portugal (PSB-BA), entre outros nomes importantes da luta em defesa da sa\u00fade p\u00fablica e dos trabalhadores.<\/p>\n<p>As discuss\u00f5es da confer\u00eancia ser\u00e3o levadas \u00e0 5\u00aa Confer\u00eancia Nacional de Sa\u00fade do Trabalhador e da Trabalhadora. Al\u00e9m disso, o encontro promove a escolha de delegados regionais, por meio de vota\u00e7\u00e3o.<\/p>\n<p>Pela manh\u00e3, o evento foi dedicado \u00e0 apresenta\u00e7\u00e3o dos participantes e \u00e0 realiza\u00e7\u00e3o de tr\u00eas palestras sobre o tema central. No per\u00edodo da tarde, ocorrem os debates e a elei\u00e7\u00e3o dos delegados.<\/p>\n<p>Durante sua fala, a coordenadora de Sa\u00fade e Seguran\u00e7a do Minist\u00e9rio da Sa\u00fade, Fernanda Ferreira, destacou que \u201ca sa\u00fade do trabalhador \u00e9 uma quest\u00e3o de direito humano, que precisa ser garantido por meio de pol\u00edticas p\u00fablicas robustas e intersetoriais.\u201d<\/p>\n<p>Para a presidente da Aben Nacional, Jacinta Sena, a melhoria das condi\u00e7\u00f5es de trabalho da enfermagem passa pela aprova\u00e7\u00e3o da PEC 19\/2024, que trata da redu\u00e7\u00e3o da jornada de trabalho da categoria. Ela tamb\u00e9m ressaltou a import\u00e2ncia da presencialidade no ensino de enfermagem como elemento essencial para garantir um cuidado qualificado e na defesa da vida.<\/p>\n","protected":false},"excerpt":{"rendered":"<p>O Sindicato dos Enfermeiros do Distrito Federal marcou presen\u00e7a na mesa de abertura da Confer\u00eancia Nacional Livre das Trabalhadoras e Trabalhadores da Sa\u00fade, com o tema &#8220;Dignidade, valoriza\u00e7\u00e3o e participa\u00e7\u00e3o pol\u00edtica&#8221;. O evento acontece ao longo desta quarta-feira (16), com programa\u00e7\u00e3o pela manh\u00e3 e \u00e0 tarde, e re\u00fane dirigentes sindicais, representantes do Minist\u00e9rio da Sa\u00fade, [&hellip;]<\/p>\n","protected":false},"author":6,"featured_media":45084,"comment_status":"open","ping_status":"open","sticky":false,"template":"","format":"standard","meta":{"footnotes":""},"categories":[6],"tags":[],"class_list":["post-45083","post","type-post","status-publish","format-standard","has-post-thumbnail","hentry","category-noticias"],"_links":{"self":[{"href":"https:\/\/sindenfermeiro.com.br\/index.php\/wp-json\/wp\/v2\/posts\/45083","targetHints":{"allow":["GET"]}}],"collection":[{"href":"https:\/\/sindenfermeiro.com.br\/index.php\/wp-json\/wp\/v2\/posts"}],"about":[{"href":"https:\/\/sindenfermeiro.com.br\/index.php\/wp-json\/wp\/v2\/types\/post"}],"author":[{"embeddable":true,"href":"https:\/\/sindenfermeiro.com.br\/index.php\/wp-json\/wp\/v2\/users\/6"}],"replies":[{"embeddable":true,"href":"https:\/\/sindenfermeiro.com.br\/index.php\/wp-json\/wp\/v2\/comments?post=45083"}],"version-history":[{"count":1,"href":"https:\/\/sindenfermeiro.com.br\/index.php\/wp-json\/wp\/v2\/posts\/45083\/revisions"}],"predecessor-version":[{"id":45085,"href":"https:\/\/sindenfermeiro.com.br\/index.php\/wp-json\/wp\/v2\/posts\/45083\/revisions\/45085"}],"wp:featuredmedia":[{"embeddable":true,"href":"https:\/\/sindenfermeiro.com.br\/index.php\/wp-json\/wp\/v2\/media\/45084"}],"wp:attachment":[{"href":"https:\/\/sindenfermeiro.com.br\/index.php\/wp-json\/wp\/v2\/media?parent=45083"}],"wp:term":[{"taxonomy":"category","embeddable":true,"href":"https:\/\/sindenfermeiro.com.br\/index.php\/wp-json\/wp\/v2\/categories?post=45083"},{"taxonomy":"post_tag","embeddable":true,"href":"https:\/\/sindenfermeiro.com.br\/index.php\/wp-json\/wp\/v2\/tags?post=45083"}],"curies":[{"name":"wp","href":"https:\/\/api.w.org\/{rel}","templated":true}]}}