{"id":45047,"date":"2025-04-01T11:50:41","date_gmt":"2025-04-01T14:50:41","guid":{"rendered":"https:\/\/sindenfermeiro.com.br\/?p=45047"},"modified":"2026-04-29T06:58:37","modified_gmt":"2026-04-29T09:58:37","slug":"assembleia-com-enfermeiros-da-hapvida-sobre-act","status":"publish","type":"post","link":"https:\/\/sindenfermeiro.com.br\/index.php\/2025\/04\/01\/assembleia-com-enfermeiros-da-hapvida-sobre-act\/","title":{"rendered":"Assembleia com enfermeiros da HapVida sobre ACT"},"content":{"rendered":"<p>Aten\u00e7\u00e3o, enfermeiros da HapVida,<\/p>\n<p>no dia 4 de abril, sexta-feira, a partir das 14h30 (primeira chamada), o SindEnfermeiro-DF ir\u00e1 realizar assembleia com os enfermeiros que atuam na HapVida para discutir o Acordo Coletivo de Trabalho<\/p>\n<p>\u2705 A assembleia ser\u00e1 virtual, pela plataforma Zoom. O link para participar est\u00e1 na nossa biografia no Instagram.\u00a0Participe!<\/p>\n<p>&nbsp;<\/p>\n<p><img loading=\"lazy\" decoding=\"async\" class=\"wp-image-45048 aligncenter\" src=\"https:\/\/sindenfermeiro.com.br\/wp-content\/uploads\/2025\/04\/Imagem-do-WhatsApp-de-2025-04-01-as-11.04.11_8196a2ee-240x300.jpg\" alt=\"\" width=\"357\" height=\"446\" srcset=\"https:\/\/sindenfermeiro.com.br\/wp-content\/uploads\/2025\/04\/Imagem-do-WhatsApp-de-2025-04-01-as-11.04.11_8196a2ee-240x300.jpg 240w, https:\/\/sindenfermeiro.com.br\/wp-content\/uploads\/2025\/04\/Imagem-do-WhatsApp-de-2025-04-01-as-11.04.11_8196a2ee-819x1024.jpg 819w, https:\/\/sindenfermeiro.com.br\/wp-content\/uploads\/2025\/04\/Imagem-do-WhatsApp-de-2025-04-01-as-11.04.11_8196a2ee-768x960.jpg 768w, https:\/\/sindenfermeiro.com.br\/wp-content\/uploads\/2025\/04\/Imagem-do-WhatsApp-de-2025-04-01-as-11.04.11_8196a2ee.jpg 1080w\" sizes=\"auto, (max-width: 357px) 100vw, 357px\" \/><\/p>\n","protected":false},"excerpt":{"rendered":"<p>Aten\u00e7\u00e3o, enfermeiros da HapVida, no dia 4 de abril, sexta-feira, a partir das 14h30 (primeira chamada), o SindEnfermeiro-DF ir\u00e1 realizar assembleia com os enfermeiros que atuam na HapVida para discutir o Acordo Coletivo de Trabalho \u2705 A assembleia ser\u00e1 virtual, pela plataforma Zoom. O link para participar est\u00e1 na nossa biografia no Instagram.\u00a0Participe! &nbsp;<\/p>\n","protected":false},"author":6,"featured_media":45009,"comment_status":"open","ping_status":"open","sticky":false,"template":"","format":"standard","meta":{"footnotes":""},"categories":[6],"tags":[],"class_list":["post-45047","post","type-post","status-publish","format-standard","has-post-thumbnail","hentry","category-noticias"],"_links":{"self":[{"href":"https:\/\/sindenfermeiro.com.br\/index.php\/wp-json\/wp\/v2\/posts\/45047","targetHints":{"allow":["GET"]}}],"collection":[{"href":"https:\/\/sindenfermeiro.com.br\/index.php\/wp-json\/wp\/v2\/posts"}],"about":[{"href":"https:\/\/sindenfermeiro.com.br\/index.php\/wp-json\/wp\/v2\/types\/post"}],"author":[{"embeddable":true,"href":"https:\/\/sindenfermeiro.com.br\/index.php\/wp-json\/wp\/v2\/users\/6"}],"replies":[{"embeddable":true,"href":"https:\/\/sindenfermeiro.com.br\/index.php\/wp-json\/wp\/v2\/comments?post=45047"}],"version-history":[{"count":1,"href":"https:\/\/sindenfermeiro.com.br\/index.php\/wp-json\/wp\/v2\/posts\/45047\/revisions"}],"predecessor-version":[{"id":45049,"href":"https:\/\/sindenfermeiro.com.br\/index.php\/wp-json\/wp\/v2\/posts\/45047\/revisions\/45049"}],"wp:featuredmedia":[{"embeddable":true,"href":"https:\/\/sindenfermeiro.com.br\/index.php\/wp-json\/wp\/v2\/media\/45009"}],"wp:attachment":[{"href":"https:\/\/sindenfermeiro.com.br\/index.php\/wp-json\/wp\/v2\/media?parent=45047"}],"wp:term":[{"taxonomy":"category","embeddable":true,"href":"https:\/\/sindenfermeiro.com.br\/index.php\/wp-json\/wp\/v2\/categories?post=45047"},{"taxonomy":"post_tag","embeddable":true,"href":"https:\/\/sindenfermeiro.com.br\/index.php\/wp-json\/wp\/v2\/tags?post=45047"}],"curies":[{"name":"wp","href":"https:\/\/api.w.org\/{rel}","templated":true}]}}