{"id":45043,"date":"2025-03-31T14:24:06","date_gmt":"2025-03-31T17:24:06","guid":{"rendered":"https:\/\/sindenfermeiro.com.br\/?p=45043"},"modified":"2026-04-29T07:00:18","modified_gmt":"2026-04-29T10:00:18","slug":"enfermeiros-do-iges-df-aprovam-acordo-coletivo","status":"publish","type":"post","link":"https:\/\/sindenfermeiro.com.br\/index.php\/2025\/03\/31\/enfermeiros-do-iges-df-aprovam-acordo-coletivo\/","title":{"rendered":"Enfermeiros do IGES-DF aprovam acordo coletivo"},"content":{"rendered":"<p>Na tarde desta sexta-feira (31), os enfermeiros e enfermeiras do Instituto de Gest\u00e3o Estrat\u00e9gica de Sa\u00fade do Distrito Federal (IGES-DF) aprovaram a proposta de Acordo Coletivo de Trabalho apresentada pela institui\u00e7\u00e3o. O acordo traz mudan\u00e7as em cl\u00e1usulas sociais.<\/p>\n<p>Entre as conquistas, est\u00e1 a implementa\u00e7\u00e3o do aux\u00edlio-sa\u00fade, prevista para o primeiro trimestre de 2025, e a cria\u00e7\u00e3o do Plano de Cargos e Sal\u00e1rios, que dever\u00e1 ser efetivado no primeiro semestre desse ano. Al\u00e9m disso, o n\u00famero de trocas de plant\u00e3o foi ampliado para cinco por m\u00eas, o que proporciona mais flexibilidade aos profissionais.<\/p>\n<p>O acordo tem validade at\u00e9 setembro de 2025, mas a luta por melhores condi\u00e7\u00f5es de trabalho continua. A categoria e o sindicato seguem mobilizadas para garantir avan\u00e7os que reflitam a import\u00e2ncia do seu papel na sa\u00fade\u00a0p\u00fablica\u00a0do\u00a0DF.<\/p>\n","protected":false},"excerpt":{"rendered":"<p>Na tarde desta sexta-feira (31), os enfermeiros e enfermeiras do Instituto de Gest\u00e3o Estrat\u00e9gica de Sa\u00fade do Distrito Federal (IGES-DF) aprovaram a proposta de Acordo Coletivo de Trabalho apresentada pela institui\u00e7\u00e3o. O acordo traz mudan\u00e7as em cl\u00e1usulas sociais. Entre as conquistas, est\u00e1 a implementa\u00e7\u00e3o do aux\u00edlio-sa\u00fade, prevista para o primeiro trimestre de 2025, e a [&hellip;]<\/p>\n","protected":false},"author":6,"featured_media":45044,"comment_status":"open","ping_status":"open","sticky":false,"template":"","format":"standard","meta":{"footnotes":""},"categories":[6],"tags":[],"class_list":["post-45043","post","type-post","status-publish","format-standard","has-post-thumbnail","hentry","category-noticias"],"_links":{"self":[{"href":"https:\/\/sindenfermeiro.com.br\/index.php\/wp-json\/wp\/v2\/posts\/45043","targetHints":{"allow":["GET"]}}],"collection":[{"href":"https:\/\/sindenfermeiro.com.br\/index.php\/wp-json\/wp\/v2\/posts"}],"about":[{"href":"https:\/\/sindenfermeiro.com.br\/index.php\/wp-json\/wp\/v2\/types\/post"}],"author":[{"embeddable":true,"href":"https:\/\/sindenfermeiro.com.br\/index.php\/wp-json\/wp\/v2\/users\/6"}],"replies":[{"embeddable":true,"href":"https:\/\/sindenfermeiro.com.br\/index.php\/wp-json\/wp\/v2\/comments?post=45043"}],"version-history":[{"count":1,"href":"https:\/\/sindenfermeiro.com.br\/index.php\/wp-json\/wp\/v2\/posts\/45043\/revisions"}],"predecessor-version":[{"id":45045,"href":"https:\/\/sindenfermeiro.com.br\/index.php\/wp-json\/wp\/v2\/posts\/45043\/revisions\/45045"}],"wp:featuredmedia":[{"embeddable":true,"href":"https:\/\/sindenfermeiro.com.br\/index.php\/wp-json\/wp\/v2\/media\/45044"}],"wp:attachment":[{"href":"https:\/\/sindenfermeiro.com.br\/index.php\/wp-json\/wp\/v2\/media?parent=45043"}],"wp:term":[{"taxonomy":"category","embeddable":true,"href":"https:\/\/sindenfermeiro.com.br\/index.php\/wp-json\/wp\/v2\/categories?post=45043"},{"taxonomy":"post_tag","embeddable":true,"href":"https:\/\/sindenfermeiro.com.br\/index.php\/wp-json\/wp\/v2\/tags?post=45043"}],"curies":[{"name":"wp","href":"https:\/\/api.w.org\/{rel}","templated":true}]}}