{"id":45026,"date":"2025-03-20T16:35:14","date_gmt":"2025-03-20T19:35:14","guid":{"rendered":"https:\/\/sindenfermeiro.com.br\/?p=45026"},"modified":"2026-04-29T07:02:22","modified_gmt":"2026-04-29T10:02:22","slug":"sindenfermeiro-df-obtem-retratacao-em-caso-de-calunia-contra-enfermeiro-sindicalizado","status":"publish","type":"post","link":"https:\/\/sindenfermeiro.com.br\/index.php\/2025\/03\/20\/sindenfermeiro-df-obtem-retratacao-em-caso-de-calunia-contra-enfermeiro-sindicalizado\/","title":{"rendered":"SindEnfermeiro-DF obt\u00e9m retrata\u00e7\u00e3o em caso de cal\u00fania contra enfermeiro sindicalizado"},"content":{"rendered":"<p>SindEnfermeiro-DF obt\u00e9m retrata\u00e7\u00e3o em caso de cal\u00fania contra enfermeiro sindicalizadO Sindicato dos Enfermeiros do Distrito Federal (SindEnfermeiro-DF), por meio do seu setor jur\u00eddico, ingressou com uma a\u00e7\u00e3o judicial contra o presidente do conselho de sa\u00fade de Samambaia por crime de cal\u00fania, inj\u00faria e difama\u00e7\u00e3o. As acusa\u00e7\u00f5es infundadas trouxeram graves preju\u00edzos \u00e0 v\u00edtima, afetando sua vida profissional, pessoal e psicol\u00f3gica.<\/p>\n<p>Durante a audi\u00eancia, o r\u00e9u, Joel dos Santos Abreu, reconheceu os danos causados e se retratou formalmente, al\u00e9m do pagamento de indeniza\u00e7\u00e3o. Ele esclareceu que as acusa\u00e7\u00f5es feitas contra o enfermeiro eram falsas. Como parte do acordo judicial, ficou determinado que a retrata\u00e7\u00e3o fosse publicada em tr\u00eas entidades, incluindo o SindEnfermeiro-DF.<\/p>\n<p><strong>\u00a0Retrata\u00e7\u00e3o do r\u00e9u:<\/strong><br \/>\nO querelado, declara que n\u00e3o houve qualquer pr\u00e1tica de ass\u00e9dio sexual por parte do querelante contra uma paciente enquanto ele atuava na UBS 5 de Samambaia. O r\u00e9u tamb\u00e9m expressou pedido p\u00fablico de desculpas durante a audi\u00eancia.<\/p>\n<p>O SindEnfermeiro-DF refor\u00e7a seu compromisso com a defesa da categoria e com a preserva\u00e7\u00e3o da honra e dignidade dos profissionais\u00a0de\u00a0enfermagem.<\/p>\n","protected":false},"excerpt":{"rendered":"<p>SindEnfermeiro-DF obt\u00e9m retrata\u00e7\u00e3o em caso de cal\u00fania contra enfermeiro sindicalizadO Sindicato dos Enfermeiros do Distrito Federal (SindEnfermeiro-DF), por meio do seu setor jur\u00eddico, ingressou com uma a\u00e7\u00e3o judicial contra o presidente do conselho de sa\u00fade de Samambaia por crime de cal\u00fania, inj\u00faria e difama\u00e7\u00e3o. As acusa\u00e7\u00f5es infundadas trouxeram graves preju\u00edzos \u00e0 v\u00edtima, afetando sua vida [&hellip;]<\/p>\n","protected":false},"author":6,"featured_media":45027,"comment_status":"open","ping_status":"open","sticky":false,"template":"","format":"standard","meta":{"footnotes":""},"categories":[6],"tags":[],"class_list":["post-45026","post","type-post","status-publish","format-standard","has-post-thumbnail","hentry","category-noticias"],"_links":{"self":[{"href":"https:\/\/sindenfermeiro.com.br\/index.php\/wp-json\/wp\/v2\/posts\/45026","targetHints":{"allow":["GET"]}}],"collection":[{"href":"https:\/\/sindenfermeiro.com.br\/index.php\/wp-json\/wp\/v2\/posts"}],"about":[{"href":"https:\/\/sindenfermeiro.com.br\/index.php\/wp-json\/wp\/v2\/types\/post"}],"author":[{"embeddable":true,"href":"https:\/\/sindenfermeiro.com.br\/index.php\/wp-json\/wp\/v2\/users\/6"}],"replies":[{"embeddable":true,"href":"https:\/\/sindenfermeiro.com.br\/index.php\/wp-json\/wp\/v2\/comments?post=45026"}],"version-history":[{"count":2,"href":"https:\/\/sindenfermeiro.com.br\/index.php\/wp-json\/wp\/v2\/posts\/45026\/revisions"}],"predecessor-version":[{"id":45029,"href":"https:\/\/sindenfermeiro.com.br\/index.php\/wp-json\/wp\/v2\/posts\/45026\/revisions\/45029"}],"wp:featuredmedia":[{"embeddable":true,"href":"https:\/\/sindenfermeiro.com.br\/index.php\/wp-json\/wp\/v2\/media\/45027"}],"wp:attachment":[{"href":"https:\/\/sindenfermeiro.com.br\/index.php\/wp-json\/wp\/v2\/media?parent=45026"}],"wp:term":[{"taxonomy":"category","embeddable":true,"href":"https:\/\/sindenfermeiro.com.br\/index.php\/wp-json\/wp\/v2\/categories?post=45026"},{"taxonomy":"post_tag","embeddable":true,"href":"https:\/\/sindenfermeiro.com.br\/index.php\/wp-json\/wp\/v2\/tags?post=45026"}],"curies":[{"name":"wp","href":"https:\/\/api.w.org\/{rel}","templated":true}]}}