{"id":45007,"date":"2025-03-13T17:34:51","date_gmt":"2025-03-13T20:34:51","guid":{"rendered":"https:\/\/sindenfermeiro.com.br\/?p=45007"},"modified":"2026-04-29T06:59:58","modified_gmt":"2026-04-29T09:59:58","slug":"enfermeiros-da-hapvida-participem-assembleia-na-proxima-quarta-19","status":"publish","type":"post","link":"https:\/\/sindenfermeiro.com.br\/index.php\/2025\/03\/13\/enfermeiros-da-hapvida-participem-assembleia-na-proxima-quarta-19\/","title":{"rendered":"Enfermeiros da HapVida, participem! Assembleia na pr\u00f3xima quinta (20)!"},"content":{"rendered":"<p><img loading=\"lazy\" decoding=\"async\" class=\"size-medium wp-image-45014 aligncenter\" src=\"https:\/\/sindenfermeiro.com.br\/wp-content\/uploads\/2025\/03\/ASSEMBLEIA-HAPVIDA-240x300.jpg\" alt=\"\" width=\"240\" height=\"300\" srcset=\"https:\/\/sindenfermeiro.com.br\/wp-content\/uploads\/2025\/03\/ASSEMBLEIA-HAPVIDA-240x300.jpg 240w, https:\/\/sindenfermeiro.com.br\/wp-content\/uploads\/2025\/03\/ASSEMBLEIA-HAPVIDA-819x1024.jpg 819w, https:\/\/sindenfermeiro.com.br\/wp-content\/uploads\/2025\/03\/ASSEMBLEIA-HAPVIDA-768x960.jpg 768w, https:\/\/sindenfermeiro.com.br\/wp-content\/uploads\/2025\/03\/ASSEMBLEIA-HAPVIDA.jpg 1080w\" sizes=\"auto, (max-width: 240px) 100vw, 240px\" \/><\/p>\n<p><strong>\ud83d\udea8 Aten\u00e7\u00e3o, enfermeiros da HapVida do DF!<\/strong><\/p>\n<p>A assembleia com os enfermeiros da HapVida foi remarcada para a pr\u00f3xima quinta-feira, 20 de mar\u00e7o, a partir das 14h30 (primeira chamada). O SindEnfermeiro-DF apresentar\u00e1 \u00e0 categoria a proposta de Acordo Coletivo de Trabalho do empregador.<\/p>\n<p>A assembleia ser\u00e1 virtual, pela plataforma Zoom. O link para participar est\u00e1 neste post ou na nossa biografia no Instagram. Participe!<\/p>\n<p><strong>\u00a0Link para participar:<\/strong><br \/>\nhttps:\/\/us02web.zoom.us\/j\/89446684723<\/p>\n","protected":false},"excerpt":{"rendered":"<p>\ud83d\udea8 Aten\u00e7\u00e3o, enfermeiros da HapVida do DF! A assembleia com os enfermeiros da HapVida foi remarcada para a pr\u00f3xima quinta-feira, 20 de mar\u00e7o, a partir das 14h30 (primeira chamada). O SindEnfermeiro-DF apresentar\u00e1 \u00e0 categoria a proposta de Acordo Coletivo de Trabalho do empregador. A assembleia ser\u00e1 virtual, pela plataforma Zoom. O link para participar est\u00e1 [&hellip;]<\/p>\n","protected":false},"author":6,"featured_media":45009,"comment_status":"open","ping_status":"open","sticky":false,"template":"","format":"standard","meta":{"footnotes":""},"categories":[6,13],"tags":[84,54,922],"class_list":["post-45007","post","type-post","status-publish","format-standard","has-post-thumbnail","hentry","category-noticias","category-rede-privada","tag-df","tag-enfermeiros","tag-hapvida"],"_links":{"self":[{"href":"https:\/\/sindenfermeiro.com.br\/index.php\/wp-json\/wp\/v2\/posts\/45007","targetHints":{"allow":["GET"]}}],"collection":[{"href":"https:\/\/sindenfermeiro.com.br\/index.php\/wp-json\/wp\/v2\/posts"}],"about":[{"href":"https:\/\/sindenfermeiro.com.br\/index.php\/wp-json\/wp\/v2\/types\/post"}],"author":[{"embeddable":true,"href":"https:\/\/sindenfermeiro.com.br\/index.php\/wp-json\/wp\/v2\/users\/6"}],"replies":[{"embeddable":true,"href":"https:\/\/sindenfermeiro.com.br\/index.php\/wp-json\/wp\/v2\/comments?post=45007"}],"version-history":[{"count":3,"href":"https:\/\/sindenfermeiro.com.br\/index.php\/wp-json\/wp\/v2\/posts\/45007\/revisions"}],"predecessor-version":[{"id":45016,"href":"https:\/\/sindenfermeiro.com.br\/index.php\/wp-json\/wp\/v2\/posts\/45007\/revisions\/45016"}],"wp:featuredmedia":[{"embeddable":true,"href":"https:\/\/sindenfermeiro.com.br\/index.php\/wp-json\/wp\/v2\/media\/45009"}],"wp:attachment":[{"href":"https:\/\/sindenfermeiro.com.br\/index.php\/wp-json\/wp\/v2\/media?parent=45007"}],"wp:term":[{"taxonomy":"category","embeddable":true,"href":"https:\/\/sindenfermeiro.com.br\/index.php\/wp-json\/wp\/v2\/categories?post=45007"},{"taxonomy":"post_tag","embeddable":true,"href":"https:\/\/sindenfermeiro.com.br\/index.php\/wp-json\/wp\/v2\/tags?post=45007"}],"curies":[{"name":"wp","href":"https:\/\/api.w.org\/{rel}","templated":true}]}}