{"id":44999,"date":"2025-03-05T14:02:14","date_gmt":"2025-03-05T17:02:14","guid":{"rendered":"https:\/\/sindenfermeiro.com.br\/?p=44999"},"modified":"2026-04-26T12:33:25","modified_gmt":"2026-04-26T15:33:25","slug":"enfermeiros-da-uti-vida-em-assembleia-participe-e-defenda-seus-direitos","status":"publish","type":"post","link":"https:\/\/sindenfermeiro.com.br\/index.php\/2025\/03\/05\/enfermeiros-da-uti-vida-em-assembleia-participe-e-defenda-seus-direitos\/","title":{"rendered":"Enfermeiros da UTI Vida em Assembleia: Participe e Defenda seus Direitos!"},"content":{"rendered":"<p><img loading=\"lazy\" decoding=\"async\" class=\"size-medium wp-image-45000 aligncenter\" src=\"https:\/\/sindenfermeiro.com.br\/wp-content\/uploads\/2025\/03\/close-up-team-health-workers-300x200.jpg\" alt=\"\" width=\"300\" height=\"200\" srcset=\"https:\/\/sindenfermeiro.com.br\/wp-content\/uploads\/2025\/03\/close-up-team-health-workers-300x200.jpg 300w, https:\/\/sindenfermeiro.com.br\/wp-content\/uploads\/2025\/03\/close-up-team-health-workers-1024x683.jpg 1024w, https:\/\/sindenfermeiro.com.br\/wp-content\/uploads\/2025\/03\/close-up-team-health-workers-768x512.jpg 768w, https:\/\/sindenfermeiro.com.br\/wp-content\/uploads\/2025\/03\/close-up-team-health-workers-1536x1024.jpg 1536w, https:\/\/sindenfermeiro.com.br\/wp-content\/uploads\/2025\/03\/close-up-team-health-workers-2048x1365.jpg 2048w\" sizes=\"auto, (max-width: 300px) 100vw, 300px\" \/><\/p>\n<p>No dia 10 de mar\u00e7o, segunda-feira, \u00e0s 14h30 (primeira chamada) e 15h (segunda chamada), o\u00a0 Sindicato dos Enfermeiros do Distrito Federal realizar\u00e1 uma assembleia on-line com os enfermeiros da UTI Vida para debater irregularidades trabalhistas. A reuni\u00e3o acontecer\u00e1 via Zoom, e o link de acesso j\u00e1 est\u00e1 dispon\u00edvel: <a href=\"https:\/\/us02web.zoom.us\/j\/81859691107\" target=\"_new\" rel=\"noopener\" data-start=\"378\" data-end=\"456\" data-is-only-node=\"\">https:\/\/us02web.zoom.us\/j\/81859691107. <\/a>Sua participa\u00e7\u00e3o \u00e9 fundamental para fortalecer a luta pelos direitos da categoria. N\u00e3o fique de fora!<\/p>\n","protected":false},"excerpt":{"rendered":"<p>No dia 10 de mar\u00e7o, segunda-feira, \u00e0s 14h30 (primeira chamada) e 15h (segunda chamada), o\u00a0 Sindicato dos Enfermeiros do Distrito Federal realizar\u00e1 uma assembleia on-line com os enfermeiros da UTI Vida para debater irregularidades trabalhistas. A reuni\u00e3o acontecer\u00e1 via Zoom, e o link de acesso j\u00e1 est\u00e1 dispon\u00edvel: https:\/\/us02web.zoom.us\/j\/81859691107. Sua participa\u00e7\u00e3o \u00e9 fundamental para fortalecer [&hellip;]<\/p>\n","protected":false},"author":6,"featured_media":45000,"comment_status":"open","ping_status":"open","sticky":false,"template":"","format":"standard","meta":{"footnotes":""},"categories":[334,6,13],"tags":[413,921],"class_list":["post-44999","post","type-post","status-publish","format-standard","has-post-thumbnail","hentry","category-juridico","category-noticias","category-rede-privada","tag-assembleia","tag-uti-vida"],"_links":{"self":[{"href":"https:\/\/sindenfermeiro.com.br\/index.php\/wp-json\/wp\/v2\/posts\/44999","targetHints":{"allow":["GET"]}}],"collection":[{"href":"https:\/\/sindenfermeiro.com.br\/index.php\/wp-json\/wp\/v2\/posts"}],"about":[{"href":"https:\/\/sindenfermeiro.com.br\/index.php\/wp-json\/wp\/v2\/types\/post"}],"author":[{"embeddable":true,"href":"https:\/\/sindenfermeiro.com.br\/index.php\/wp-json\/wp\/v2\/users\/6"}],"replies":[{"embeddable":true,"href":"https:\/\/sindenfermeiro.com.br\/index.php\/wp-json\/wp\/v2\/comments?post=44999"}],"version-history":[{"count":2,"href":"https:\/\/sindenfermeiro.com.br\/index.php\/wp-json\/wp\/v2\/posts\/44999\/revisions"}],"predecessor-version":[{"id":45003,"href":"https:\/\/sindenfermeiro.com.br\/index.php\/wp-json\/wp\/v2\/posts\/44999\/revisions\/45003"}],"wp:featuredmedia":[{"embeddable":true,"href":"https:\/\/sindenfermeiro.com.br\/index.php\/wp-json\/wp\/v2\/media\/45000"}],"wp:attachment":[{"href":"https:\/\/sindenfermeiro.com.br\/index.php\/wp-json\/wp\/v2\/media?parent=44999"}],"wp:term":[{"taxonomy":"category","embeddable":true,"href":"https:\/\/sindenfermeiro.com.br\/index.php\/wp-json\/wp\/v2\/categories?post=44999"},{"taxonomy":"post_tag","embeddable":true,"href":"https:\/\/sindenfermeiro.com.br\/index.php\/wp-json\/wp\/v2\/tags?post=44999"}],"curies":[{"name":"wp","href":"https:\/\/api.w.org\/{rel}","templated":true}]}}