{"id":4499,"date":"2018-10-24T14:29:02","date_gmt":"2018-10-24T14:29:02","guid":{"rendered":"http:\/\/www.sindenfermeiro.com.br\/?p=4499"},"modified":"2026-04-28T07:28:19","modified_gmt":"2026-04-28T10:28:19","slug":"acao-judicial-sobre-isonomia-para-aposentados-e-debatido-em-reuniao-no-sindenfermeiro","status":"publish","type":"post","link":"https:\/\/sindenfermeiro.com.br\/index.php\/2018\/10\/24\/acao-judicial-sobre-isonomia-para-aposentados-e-debatido-em-reuniao-no-sindenfermeiro\/","title":{"rendered":"A\u00e7\u00e3o judicial sobre isonomia para aposentados \u00e9 debatido em reuni\u00e3o no SindEnfermeiro"},"content":{"rendered":"<style type=\"text\/css\">\n#foogallery-gallery-4505 .fg-image { width: 640px; }<\/style>\n\t\t\t<div class=\"foogallery foogallery-container foogallery-image-viewer foogallery-link-image foogallery-lightbox-none fg-center fg-image-viewer fg-ready fg-light fg-border-thin fg-shadow-outline fg-loading-default fg-loaded-fade-in fg-caption-hover fg-hover-fade fg-hover-zoom\" id=\"foogallery-gallery-4505\" data-foogallery=\"{&quot;item&quot;:{&quot;showCaptionTitle&quot;:true,&quot;showCaptionDescription&quot;:true},&quot;lazy&quot;:true,&quot;template&quot;:{&quot;loop&quot;:true}}\" style=\"--fg-title-line-clamp: 0; --fg-description-line-clamp: 0;\" >\n\t<div class=\"fiv-inner\">\n\t\t<div class=\"fiv-inner-container\">\n\t\t\t\t\t<\/div>\n\t\t<div class=\"fiv-ctrls\">\n\t\t\t<button type=\"button\" class=\"fiv-prev\" title=\"Prev\"><span>Prev<\/span><\/button>\n\t\t\t<label class=\"fiv-count\"><span class=\"fiv-count-current\">1<\/span>of<span class=\"fiv-count-total\">5<\/span><\/label>\n\t\t\t<button type=\"button\" class=\"fiv-next\" title=\"Next\"><span>Next<\/span><\/button>\n\t\t<\/div>\n\t<\/div>\n<\/div>\n<p>O SindEnfermeiro realizou, na \u00faltima sexta-feira (19), uma reuni\u00e3o para discutir o processo de isonomia das 40 horas semanais para enfermeiros aposentados e pensionistas da Secretaria de Sa\u00fade. Durante o encontro, foi apresentada a situa\u00e7\u00e3o atual do processo e os pr\u00f3ximos passos.<\/p>\n<p>O Governo do Distrito Federal criou, em 2000, a nova carreira dos servidores da enfermagem. Por\u00e9m, os servidores aposentados e pensionistas que trabalhavam em regime de 40h antes da mudan\u00e7a n\u00e3o tiveram seus vencimentos igualados aos servidores da ativa. O SindEnfermeiro entrou com a a\u00e7\u00e3o e o Tribunal de Justi\u00e7a do DF aceitou o pedido.<\/p>\n<p>Posteriormente, o sindicato apresentou a execu\u00e7\u00e3o e o c\u00e1lculo do valor baseado no in\u00edcio do pedido. No entanto, em 2017, o GDF contestou o montante e apresentou uma nova cifra. Por conta disso, ainda se discute a quantia a ser paga. Ao final da a\u00e7\u00e3o, com a corre\u00e7\u00e3o atualizada dos valores, ser\u00e1 expedido precat\u00f3rio e cada enfermeiro far\u00e1 o levantamento do valor a que tem direito.<\/p>\n<p>Para mais informa\u00e7\u00f5es, entre em contato com o departamento jur\u00eddico do SindEnfermeiro, pelo telefone (61) 3447-9697, ou pelo e-mail jur\u00eddico@sindenfermeiro.com.br<\/p>\n","protected":false},"excerpt":{"rendered":"<p>O SindEnfermeiro realizou, na \u00faltima sexta-feira (19), uma reuni\u00e3o para discutir o processo de isonomia das 40 horas semanais para enfermeiros aposentados e pensionistas da Secretaria de Sa\u00fade. Durante o encontro, foi apresentada a situa\u00e7\u00e3o atual do processo e os pr\u00f3ximos passos. O Governo do Distrito Federal criou, em 2000, a nova carreira dos servidores [&hellip;]<\/p>\n","protected":false},"author":6,"featured_media":4507,"comment_status":"closed","ping_status":"closed","sticky":false,"template":"","format":"standard","meta":{"footnotes":""},"categories":[16,5,2],"tags":[71,7,139,12],"class_list":["post-4499","post","type-post","status-publish","format-standard","has-post-thumbnail","hentry","category-processos","category-rede-publica","category-teste","tag-aposentados","tag-enfermagem","tag-enfermeiros-aposentados","tag-sindenfemeirodf"],"_links":{"self":[{"href":"https:\/\/sindenfermeiro.com.br\/index.php\/wp-json\/wp\/v2\/posts\/4499","targetHints":{"allow":["GET"]}}],"collection":[{"href":"https:\/\/sindenfermeiro.com.br\/index.php\/wp-json\/wp\/v2\/posts"}],"about":[{"href":"https:\/\/sindenfermeiro.com.br\/index.php\/wp-json\/wp\/v2\/types\/post"}],"author":[{"embeddable":true,"href":"https:\/\/sindenfermeiro.com.br\/index.php\/wp-json\/wp\/v2\/users\/6"}],"replies":[{"embeddable":true,"href":"https:\/\/sindenfermeiro.com.br\/index.php\/wp-json\/wp\/v2\/comments?post=4499"}],"version-history":[{"count":1,"href":"https:\/\/sindenfermeiro.com.br\/index.php\/wp-json\/wp\/v2\/posts\/4499\/revisions"}],"predecessor-version":[{"id":32699,"href":"https:\/\/sindenfermeiro.com.br\/index.php\/wp-json\/wp\/v2\/posts\/4499\/revisions\/32699"}],"wp:featuredmedia":[{"embeddable":true,"href":"https:\/\/sindenfermeiro.com.br\/index.php\/wp-json\/"}],"wp:attachment":[{"href":"https:\/\/sindenfermeiro.com.br\/index.php\/wp-json\/wp\/v2\/media?parent=4499"}],"wp:term":[{"taxonomy":"category","embeddable":true,"href":"https:\/\/sindenfermeiro.com.br\/index.php\/wp-json\/wp\/v2\/categories?post=4499"},{"taxonomy":"post_tag","embeddable":true,"href":"https:\/\/sindenfermeiro.com.br\/index.php\/wp-json\/wp\/v2\/tags?post=4499"}],"curies":[{"name":"wp","href":"https:\/\/api.w.org\/{rel}","templated":true}]}}