{"id":44964,"date":"2025-02-17T15:32:50","date_gmt":"2025-02-17T18:32:50","guid":{"rendered":"https:\/\/sindenfermeiro.com.br\/?p=44964"},"modified":"2026-04-29T06:58:35","modified_gmt":"2026-04-29T09:58:35","slug":"justica-obriga-ses-df-a-implementar-adicional-de-insalubridade-para-enfermeiro","status":"publish","type":"post","link":"https:\/\/sindenfermeiro.com.br\/index.php\/2025\/02\/17\/justica-obriga-ses-df-a-implementar-adicional-de-insalubridade-para-enfermeiro\/","title":{"rendered":"Justi\u00e7a obriga SES-DF a implementar adicional de insalubridade para Enfermeiro"},"content":{"rendered":"<p>O Sindicato dos Enfermeiros do DF obteve, neste m\u00eas, uma importante vit\u00f3ria na justi\u00e7a. A Secretaria de Sa\u00fade do Distrito Federal (SES-DF) foi obrigada a pagar o adicional de insalubridade de 10% sobre os vencimentos de um enfermeiro que atua no Centro de Aten\u00e7\u00e3o Psicossocial (CAPS). O pagamento ser\u00e1 retroativo a mar\u00e7o de 2024.<\/p>\n<p>A decis\u00e3o judicial reconheceu que o enfermeiro est\u00e1 exposto a condi\u00e7\u00f5es insalubres em grau m\u00e9dio, conforme estabelece a NR-15 da Portaria 3.214\/1978. O juiz considerou que atividades realizadas em contato com pacientes e materiais infectocontagiosos, como os causadores de tuberculose e COVID-19, configuram exposi\u00e7\u00e3o a condi\u00e7\u00f5es insalubres.<\/p>\n<p>Al\u00e9m disso, foi realizado um laudo t\u00e9cnico, elaborado ap\u00f3s vistoria do perito judicial, que confirmou a exposi\u00e7\u00e3o constante do enfermeiro a riscos, incluindo o atendimento a pacientes com doen\u00e7as infectocontagiosas, visitas domiciliares em regi\u00f5es de risco, manipula\u00e7\u00e3o de medicamentos controlados e perfurocortantes, e at\u00e9 mesmo o risco de agress\u00f5es f\u00edsicas.<\/p>\n<p><strong>A decis\u00e3o ainda cabe recurso por parte da SES-DF<\/strong><\/p>\n<p><strong>Voc\u00ea, enfermeiro(a), acredita que tem direito ao adicional de insalubridade, mas ainda n\u00e3o o recebeu ou recebe um valor inferior ao devido? Entre em contato com o setor jur\u00eddico do Sindicato dos Enfermeiros do DF para avaliar seu caso e garantir seus direitos! Telefones: 3273-0307 ou 99277-3825<\/strong><\/p>\n","protected":false},"excerpt":{"rendered":"<p>O Sindicato dos Enfermeiros do DF obteve, neste m\u00eas, uma importante vit\u00f3ria na justi\u00e7a. A Secretaria de Sa\u00fade do Distrito Federal (SES-DF) foi obrigada a pagar o adicional de insalubridade de 10% sobre os vencimentos de um enfermeiro que atua no Centro de Aten\u00e7\u00e3o Psicossocial (CAPS). O pagamento ser\u00e1 retroativo a mar\u00e7o de 2024. A [&hellip;]<\/p>\n","protected":false},"author":6,"featured_media":44965,"comment_status":"open","ping_status":"open","sticky":false,"template":"","format":"standard","meta":{"footnotes":""},"categories":[334,6,13],"tags":[],"class_list":["post-44964","post","type-post","status-publish","format-standard","has-post-thumbnail","hentry","category-juridico","category-noticias","category-rede-privada"],"_links":{"self":[{"href":"https:\/\/sindenfermeiro.com.br\/index.php\/wp-json\/wp\/v2\/posts\/44964","targetHints":{"allow":["GET"]}}],"collection":[{"href":"https:\/\/sindenfermeiro.com.br\/index.php\/wp-json\/wp\/v2\/posts"}],"about":[{"href":"https:\/\/sindenfermeiro.com.br\/index.php\/wp-json\/wp\/v2\/types\/post"}],"author":[{"embeddable":true,"href":"https:\/\/sindenfermeiro.com.br\/index.php\/wp-json\/wp\/v2\/users\/6"}],"replies":[{"embeddable":true,"href":"https:\/\/sindenfermeiro.com.br\/index.php\/wp-json\/wp\/v2\/comments?post=44964"}],"version-history":[{"count":1,"href":"https:\/\/sindenfermeiro.com.br\/index.php\/wp-json\/wp\/v2\/posts\/44964\/revisions"}],"predecessor-version":[{"id":44966,"href":"https:\/\/sindenfermeiro.com.br\/index.php\/wp-json\/wp\/v2\/posts\/44964\/revisions\/44966"}],"wp:featuredmedia":[{"embeddable":true,"href":"https:\/\/sindenfermeiro.com.br\/index.php\/wp-json\/wp\/v2\/media\/44965"}],"wp:attachment":[{"href":"https:\/\/sindenfermeiro.com.br\/index.php\/wp-json\/wp\/v2\/media?parent=44964"}],"wp:term":[{"taxonomy":"category","embeddable":true,"href":"https:\/\/sindenfermeiro.com.br\/index.php\/wp-json\/wp\/v2\/categories?post=44964"},{"taxonomy":"post_tag","embeddable":true,"href":"https:\/\/sindenfermeiro.com.br\/index.php\/wp-json\/wp\/v2\/tags?post=44964"}],"curies":[{"name":"wp","href":"https:\/\/api.w.org\/{rel}","templated":true}]}}