{"id":44958,"date":"2025-02-12T17:32:57","date_gmt":"2025-02-12T20:32:57","guid":{"rendered":"https:\/\/sindenfermeiro.com.br\/?p=44958"},"modified":"2026-04-26T11:02:05","modified_gmt":"2026-04-26T14:02:05","slug":"enfermeiros-retomam-luta-pela-isonomia-salarial","status":"publish","type":"post","link":"https:\/\/sindenfermeiro.com.br\/index.php\/2025\/02\/12\/enfermeiros-retomam-luta-pela-isonomia-salarial\/","title":{"rendered":"Enfermeiros retomam luta pela isonomia salarial"},"content":{"rendered":"<p><img loading=\"lazy\" decoding=\"async\" class=\"alignnone size-medium wp-image-44960\" src=\"https:\/\/sindenfermeiro.com.br\/wp-content\/uploads\/2025\/02\/WhatsApp-Image-2025-02-12-at-17.32.22-300x200.jpeg\" alt=\"\" width=\"300\" height=\"200\" srcset=\"https:\/\/sindenfermeiro.com.br\/wp-content\/uploads\/2025\/02\/WhatsApp-Image-2025-02-12-at-17.32.22-300x200.jpeg 300w, https:\/\/sindenfermeiro.com.br\/wp-content\/uploads\/2025\/02\/WhatsApp-Image-2025-02-12-at-17.32.22-1024x683.jpeg 1024w, https:\/\/sindenfermeiro.com.br\/wp-content\/uploads\/2025\/02\/WhatsApp-Image-2025-02-12-at-17.32.22-768x512.jpeg 768w, https:\/\/sindenfermeiro.com.br\/wp-content\/uploads\/2025\/02\/WhatsApp-Image-2025-02-12-at-17.32.22.jpeg 1440w\" sizes=\"auto, (max-width: 300px) 100vw, 300px\" \/><\/p>\n<p>Com o audit\u00f3rio lotado, os enfermeiros da Secretaria de Sa\u00fade decidiram ontem (11), em assembleia, retomar a luta e a agenda de a\u00e7\u00f5es pela isonomia salarial.<\/p>\n<p>A reuni\u00e3o come\u00e7ou com um balan\u00e7o das mobiliza\u00e7\u00f5es do ano passado, destacando a for\u00e7a da categoria, que reuniu mais de mil profissionais em um dos atos.<\/p>\n<p>Outro avan\u00e7o foi a recente reuni\u00e3o entre a deputada Dayse Amarilio, o SindEnfermeiro-DF e a vice-governadora Celina Le\u00e3o. No encontro, ficou acertada uma agenda permanente para tratar da isonomia salarial dos enfermeiros da SES-DF.<\/p>\n<p>Este ano, a mobiliza\u00e7\u00e3o ser\u00e1 cont\u00ednua, com a\u00e7\u00f5es estrat\u00e9gicas e presen\u00e7a ativa do SindEnfermeiro na CLDF.<\/p>\n<p>O presidente do sindicato, Jorge Henrique, refor\u00e7ou o compromisso da categoria. \u201cA luta continua, e 2025 ser\u00e1 o ano da nossa isonomia salarial\u201d, afirmou.<\/p>\n","protected":false},"excerpt":{"rendered":"<p>Com o audit\u00f3rio lotado, os enfermeiros da Secretaria de Sa\u00fade decidiram ontem (11), em assembleia, retomar a luta e a agenda de a\u00e7\u00f5es pela isonomia salarial. A reuni\u00e3o come\u00e7ou com um balan\u00e7o das mobiliza\u00e7\u00f5es do ano passado, destacando a for\u00e7a da categoria, que reuniu mais de mil profissionais em um dos atos. Outro avan\u00e7o foi [&hellip;]<\/p>\n","protected":false},"author":6,"featured_media":44959,"comment_status":"open","ping_status":"open","sticky":false,"template":"","format":"standard","meta":{"footnotes":""},"categories":[6,5],"tags":[],"class_list":["post-44958","post","type-post","status-publish","format-standard","has-post-thumbnail","hentry","category-noticias","category-rede-publica"],"_links":{"self":[{"href":"https:\/\/sindenfermeiro.com.br\/index.php\/wp-json\/wp\/v2\/posts\/44958","targetHints":{"allow":["GET"]}}],"collection":[{"href":"https:\/\/sindenfermeiro.com.br\/index.php\/wp-json\/wp\/v2\/posts"}],"about":[{"href":"https:\/\/sindenfermeiro.com.br\/index.php\/wp-json\/wp\/v2\/types\/post"}],"author":[{"embeddable":true,"href":"https:\/\/sindenfermeiro.com.br\/index.php\/wp-json\/wp\/v2\/users\/6"}],"replies":[{"embeddable":true,"href":"https:\/\/sindenfermeiro.com.br\/index.php\/wp-json\/wp\/v2\/comments?post=44958"}],"version-history":[{"count":1,"href":"https:\/\/sindenfermeiro.com.br\/index.php\/wp-json\/wp\/v2\/posts\/44958\/revisions"}],"predecessor-version":[{"id":44961,"href":"https:\/\/sindenfermeiro.com.br\/index.php\/wp-json\/wp\/v2\/posts\/44958\/revisions\/44961"}],"wp:featuredmedia":[{"embeddable":true,"href":"https:\/\/sindenfermeiro.com.br\/index.php\/wp-json\/wp\/v2\/media\/44959"}],"wp:attachment":[{"href":"https:\/\/sindenfermeiro.com.br\/index.php\/wp-json\/wp\/v2\/media?parent=44958"}],"wp:term":[{"taxonomy":"category","embeddable":true,"href":"https:\/\/sindenfermeiro.com.br\/index.php\/wp-json\/wp\/v2\/categories?post=44958"},{"taxonomy":"post_tag","embeddable":true,"href":"https:\/\/sindenfermeiro.com.br\/index.php\/wp-json\/wp\/v2\/tags?post=44958"}],"curies":[{"name":"wp","href":"https:\/\/api.w.org\/{rel}","templated":true}]}}