{"id":44954,"date":"2025-02-12T17:08:21","date_gmt":"2025-02-12T20:08:21","guid":{"rendered":"https:\/\/sindenfermeiro.com.br\/?p=44954"},"modified":"2026-04-29T07:00:18","modified_gmt":"2026-04-29T10:00:18","slug":"assembleia-geral-enfermeiros-do-mpu-colaboradores-da-murta-gestao-e-auditoria","status":"publish","type":"post","link":"https:\/\/sindenfermeiro.com.br\/index.php\/2025\/02\/12\/assembleia-geral-enfermeiros-do-mpu-colaboradores-da-murta-gestao-e-auditoria\/","title":{"rendered":"ASSEMBLEIA GERAL: enfermeiros do MPU colaboradores da Murta Gest\u00e3o e Auditoria"},"content":{"rendered":"<p><img loading=\"lazy\" decoding=\"async\" class=\"alignnone size-medium wp-image-44921 aligncenter\" src=\"https:\/\/sindenfermeiro.com.br\/wp-content\/uploads\/2024\/11\/Imagem-do-WhatsApp-de-2024-11-25-as-16.41.28_6fa05528-300x200.jpg\" alt=\"\" width=\"300\" height=\"200\" srcset=\"https:\/\/sindenfermeiro.com.br\/wp-content\/uploads\/2024\/11\/Imagem-do-WhatsApp-de-2024-11-25-as-16.41.28_6fa05528-300x200.jpg 300w, https:\/\/sindenfermeiro.com.br\/wp-content\/uploads\/2024\/11\/Imagem-do-WhatsApp-de-2024-11-25-as-16.41.28_6fa05528-1024x683.jpg 1024w, https:\/\/sindenfermeiro.com.br\/wp-content\/uploads\/2024\/11\/Imagem-do-WhatsApp-de-2024-11-25-as-16.41.28_6fa05528-768x512.jpg 768w, https:\/\/sindenfermeiro.com.br\/wp-content\/uploads\/2024\/11\/Imagem-do-WhatsApp-de-2024-11-25-as-16.41.28_6fa05528-1536x1024.jpg 1536w, https:\/\/sindenfermeiro.com.br\/wp-content\/uploads\/2024\/11\/Imagem-do-WhatsApp-de-2024-11-25-as-16.41.28_6fa05528.jpg 1600w\" sizes=\"auto, (max-width: 300px) 100vw, 300px\" \/><\/p>\n<p>&nbsp;<\/p>\n<p><strong>Aten\u00e7\u00e3o, enfermeiros e colaboradores da Murta Gest\u00e3o e Auditoria em Sistema de Sa\u00fade<\/strong><\/p>\n<p>No dia 17 de fevereiro, segunda-feira, a partir das 14h (primeira chamada), o SindEnfermeiro-DF ir\u00e1 realizar assembleia com os enfermeiros que atuam como enfermeiros e colaboradores da Murta Gest\u00e3o e Auditoria em Sistema de Sa\u00fade, que prestam servi\u00e7os ao Plan-Assiste do MPU para tratar da proposta de Acordo Coletivo de Trabalho e outros interesses da categoria.<\/p>\n<blockquote><p><em><strong>A assembleia ser\u00e1 realizada de forma on-line, por meio do aplicativo zoom<\/strong><\/em><\/p><\/blockquote>\n<p>\ud83d\udcc5 17 de fevereiro (segunda-feira)<br \/>\n\u23f0 14h (primeira chamada)<br \/>\n\ud83d\udccdOnline (link para participar: https:\/\/us02web.zoom.us\/j\/85904482728)<\/p>\n","protected":false},"excerpt":{"rendered":"<p>&nbsp; Aten\u00e7\u00e3o, enfermeiros e colaboradores da Murta Gest\u00e3o e Auditoria em Sistema de Sa\u00fade No dia 17 de fevereiro, segunda-feira, a partir das 14h (primeira chamada), o SindEnfermeiro-DF ir\u00e1 realizar assembleia com os enfermeiros que atuam como enfermeiros e colaboradores da Murta Gest\u00e3o e Auditoria em Sistema de Sa\u00fade, que prestam servi\u00e7os ao Plan-Assiste do [&hellip;]<\/p>\n","protected":false},"author":6,"featured_media":44913,"comment_status":"open","ping_status":"open","sticky":false,"template":"","format":"standard","meta":{"footnotes":""},"categories":[6,13],"tags":[],"class_list":["post-44954","post","type-post","status-publish","format-standard","has-post-thumbnail","hentry","category-noticias","category-rede-privada"],"_links":{"self":[{"href":"https:\/\/sindenfermeiro.com.br\/index.php\/wp-json\/wp\/v2\/posts\/44954","targetHints":{"allow":["GET"]}}],"collection":[{"href":"https:\/\/sindenfermeiro.com.br\/index.php\/wp-json\/wp\/v2\/posts"}],"about":[{"href":"https:\/\/sindenfermeiro.com.br\/index.php\/wp-json\/wp\/v2\/types\/post"}],"author":[{"embeddable":true,"href":"https:\/\/sindenfermeiro.com.br\/index.php\/wp-json\/wp\/v2\/users\/6"}],"replies":[{"embeddable":true,"href":"https:\/\/sindenfermeiro.com.br\/index.php\/wp-json\/wp\/v2\/comments?post=44954"}],"version-history":[{"count":1,"href":"https:\/\/sindenfermeiro.com.br\/index.php\/wp-json\/wp\/v2\/posts\/44954\/revisions"}],"predecessor-version":[{"id":44955,"href":"https:\/\/sindenfermeiro.com.br\/index.php\/wp-json\/wp\/v2\/posts\/44954\/revisions\/44955"}],"wp:featuredmedia":[{"embeddable":true,"href":"https:\/\/sindenfermeiro.com.br\/index.php\/wp-json\/wp\/v2\/media\/44913"}],"wp:attachment":[{"href":"https:\/\/sindenfermeiro.com.br\/index.php\/wp-json\/wp\/v2\/media?parent=44954"}],"wp:term":[{"taxonomy":"category","embeddable":true,"href":"https:\/\/sindenfermeiro.com.br\/index.php\/wp-json\/wp\/v2\/categories?post=44954"},{"taxonomy":"post_tag","embeddable":true,"href":"https:\/\/sindenfermeiro.com.br\/index.php\/wp-json\/wp\/v2\/tags?post=44954"}],"curies":[{"name":"wp","href":"https:\/\/api.w.org\/{rel}","templated":true}]}}