{"id":44936,"date":"2025-01-17T15:20:31","date_gmt":"2025-01-17T18:20:31","guid":{"rendered":"https:\/\/sindenfermeiro.com.br\/?p=44936"},"modified":"2026-04-30T23:34:52","modified_gmt":"2026-05-01T02:34:52","slug":"2025-o-ano-da-isonomia-salarial-dos-enfermeiros","status":"publish","type":"post","link":"https:\/\/sindenfermeiro.com.br\/index.php\/2025\/01\/17\/2025-o-ano-da-isonomia-salarial-dos-enfermeiros\/","title":{"rendered":"2025: o ano da Isonomia Salarial dos Enfermeiros!"},"content":{"rendered":"<p>&nbsp;<\/p>\n<p><span style=\"font-size: 10pt\"><em><img loading=\"lazy\" decoding=\"async\" class=\"size-medium wp-image-44842 aligncenter\" src=\"https:\/\/sindenfermeiro.com.br\/wp-content\/uploads\/2024\/09\/WhatsApp-Image-2024-09-24-at-12.23.14-300x200.jpeg\" alt=\"\" width=\"300\" height=\"200\" srcset=\"https:\/\/sindenfermeiro.com.br\/wp-content\/uploads\/2024\/09\/WhatsApp-Image-2024-09-24-at-12.23.14-300x200.jpeg 300w, https:\/\/sindenfermeiro.com.br\/wp-content\/uploads\/2024\/09\/WhatsApp-Image-2024-09-24-at-12.23.14-1024x681.jpeg 1024w, https:\/\/sindenfermeiro.com.br\/wp-content\/uploads\/2024\/09\/WhatsApp-Image-2024-09-24-at-12.23.14-768x511.jpeg 768w, https:\/\/sindenfermeiro.com.br\/wp-content\/uploads\/2024\/09\/WhatsApp-Image-2024-09-24-at-12.23.14.jpeg 1284w\" sizes=\"auto, (max-width: 300px) 100vw, 300px\" \/><\/em><\/span><\/p>\n<p style=\"text-align: center\"><span style=\"font-size: 10pt\"><em>Por Jorge Henrique (Presidente do SindEnfermeiro-DF)<\/em><\/span><\/p>\n<p>2024 foi o ano em que os enfermeiros da Secretaria de Sa\u00fade (SES) mais produziram na assist\u00eancia \u00e0 sa\u00fade p\u00fablica do Distrito Federal. Mais do que isso, os enfermeiros lideraram os n\u00fameros da assist\u00eancia em sa\u00fade na capital federal. Foram 2,1 milh\u00f5es de atendimentos realizados no SUS, o que representa quase 60% dos atendimentos na Aten\u00e7\u00e3o Prim\u00e1ria em Sa\u00fade do DF.<\/p>\n<p>Em rela\u00e7\u00e3o \u00e0 assist\u00eancia das gestantes e ao nascimento, as enfermeiras obstetras realizaram mais de 6 mil partos naturais no SUS e, na assist\u00eancia ao pr\u00e9-natal, os enfermeiros fizeram mais de 110 mil atendimentos nas Unidades B\u00e1sicas de Sa\u00fade (UBS). Al\u00e9m disso, estes profissionais proporcionaram um aumento de 40% no n\u00famero de inser\u00e7\u00f5es de Dispositivo Intrauterino em todo o DF, garantindo \u00e0s mulheres o direito a um m\u00e9todo contraceptivo de longa perman\u00eancia de forma gratuita no SUS.<\/p>\n<p>\u00c9 sabido, tamb\u00e9m, nesse mesmo contexto, que os enfermeiros enfrentaram bravamente uma pandemia, arriscando suas vidas para salvar a popula\u00e7\u00e3o e que, em car\u00e1ter permanente, v\u00eam enfrentando uma s\u00e9rie de outras epidemias, frutos de crises clim\u00e1ticas, ambientais e sociais, como no caso da dengue no ano de 2024, quando realizaram mais de 252 mil atendimentos no per\u00edodo de janeiro a junho do ano passado.<\/p>\n<p>Todas estas a\u00e7\u00f5es expressam a capacidade produtiva dos enfermeiros, justificadas pela incorpora\u00e7\u00e3o das pr\u00e1ticas avan\u00e7adas destes profissionais no \u00e2mbito da sa\u00fade p\u00fablica do DF. As mudan\u00e7as no perfil epidemiol\u00f3gico, os novos determinantes da sa\u00fade e as novas tecnologias, proporcionam o avan\u00e7o dos enfermeiros sobre a compreens\u00e3o do seu papel na sa\u00fade p\u00fablica e na defini\u00e7\u00e3o do escopo de pr\u00e1ticas na rede assistencial. Este novo cen\u00e1rio proporciona o aumento da resolutividade dos servi\u00e7os e democratiza o acesso da popula\u00e7\u00e3o \u00e0 assist\u00eancia em sa\u00fade no DF.<\/p>\n<p>Em que pese todo o compromisso destes profissionais, os enfermeiros possuem os menores sal\u00e1rios dentre as carreiras de ensino superior da SES. S\u00e3o aproximadamente 5 mil servidores, em sua maioria mulheres, que historicamente n\u00e3o tiveram o trabalho reconhecido pela sociedade e que sofrem com baixos sal\u00e1rios, mesmo desenvolvendo atividades essenciais para a popula\u00e7\u00e3o.<\/p>\n<p>A categoria de enfermagem, hoje, \u00e9 a que apresenta os maiores \u00edndices de acidente de trabalho, e \u00e9 que mais sofre com a viol\u00eancia f\u00edsica, verbal e psicol\u00f3gica no trabalho em sa\u00fade. Enfermeiros e enfermeiras s\u00e3o os que apresentam maiores taxas de absente\u00edsmo entre os profissionais da SES, refletindo o grau de explora\u00e7\u00e3o e as p\u00e9ssimas condi\u00e7\u00f5es de trabalho as quais estes profissionais s\u00e3o submetidos.<\/p>\n<p>Os enfermeiros j\u00e1 est\u00e3o h\u00e1 mais de 10 anos lutando por reconhecimento e valoriza\u00e7\u00e3o de seu trabalho no \u00e2mbito da sa\u00fade p\u00fablica do DF. Mas, infelizmente, o GDF n\u00e3o destinou palmas, nem reconhecimento e muito menos valoriza\u00e7\u00e3o para esses profissionais. Por isso, em 2025, para que estes profissionais continuem ampliando o acesso \u00e0 sa\u00fade e o desenvolvimento de um SUS mais resolutivo, o Governo Ibaneis deve fazer justi\u00e7a, concedendo a Isonomia Salarial para os enfermeiros.<\/p>\n","protected":false},"excerpt":{"rendered":"<p>&nbsp; Por Jorge Henrique (Presidente do SindEnfermeiro-DF) 2024 foi o ano em que os enfermeiros da Secretaria de Sa\u00fade (SES) mais produziram na assist\u00eancia \u00e0 sa\u00fade p\u00fablica do Distrito Federal. Mais do que isso, os enfermeiros lideraram os n\u00fameros da assist\u00eancia em sa\u00fade na capital federal. Foram 2,1 milh\u00f5es de atendimentos realizados no SUS, o [&hellip;]<\/p>\n","protected":false},"author":6,"featured_media":44875,"comment_status":"open","ping_status":"open","sticky":false,"template":"","format":"standard","meta":{"footnotes":""},"categories":[6,5],"tags":[54,920,52,44],"class_list":["post-44936","post","type-post","status-publish","format-standard","has-post-thumbnail","hentry","category-noticias","category-rede-publica","tag-enfermeiros","tag-enfermeiros-df","tag-isonomia-salarial","tag-sindenfermeiro-df"],"_links":{"self":[{"href":"https:\/\/sindenfermeiro.com.br\/index.php\/wp-json\/wp\/v2\/posts\/44936","targetHints":{"allow":["GET"]}}],"collection":[{"href":"https:\/\/sindenfermeiro.com.br\/index.php\/wp-json\/wp\/v2\/posts"}],"about":[{"href":"https:\/\/sindenfermeiro.com.br\/index.php\/wp-json\/wp\/v2\/types\/post"}],"author":[{"embeddable":true,"href":"https:\/\/sindenfermeiro.com.br\/index.php\/wp-json\/wp\/v2\/users\/6"}],"replies":[{"embeddable":true,"href":"https:\/\/sindenfermeiro.com.br\/index.php\/wp-json\/wp\/v2\/comments?post=44936"}],"version-history":[{"count":7,"href":"https:\/\/sindenfermeiro.com.br\/index.php\/wp-json\/wp\/v2\/posts\/44936\/revisions"}],"predecessor-version":[{"id":44943,"href":"https:\/\/sindenfermeiro.com.br\/index.php\/wp-json\/wp\/v2\/posts\/44936\/revisions\/44943"}],"wp:featuredmedia":[{"embeddable":true,"href":"https:\/\/sindenfermeiro.com.br\/index.php\/wp-json\/wp\/v2\/media\/44875"}],"wp:attachment":[{"href":"https:\/\/sindenfermeiro.com.br\/index.php\/wp-json\/wp\/v2\/media?parent=44936"}],"wp:term":[{"taxonomy":"category","embeddable":true,"href":"https:\/\/sindenfermeiro.com.br\/index.php\/wp-json\/wp\/v2\/categories?post=44936"},{"taxonomy":"post_tag","embeddable":true,"href":"https:\/\/sindenfermeiro.com.br\/index.php\/wp-json\/wp\/v2\/tags?post=44936"}],"curies":[{"name":"wp","href":"https:\/\/api.w.org\/{rel}","templated":true}]}}