{"id":44926,"date":"2024-12-10T17:34:56","date_gmt":"2024-12-10T20:34:56","guid":{"rendered":"https:\/\/sindenfermeiro.com.br\/?p=44926"},"modified":"2026-04-29T08:10:27","modified_gmt":"2026-04-29T11:10:27","slug":"sindenfermeiro-e-sbh-df-assinam-cct-da-rede-privada-para-2025","status":"publish","type":"post","link":"https:\/\/sindenfermeiro.com.br\/index.php\/2024\/12\/10\/sindenfermeiro-e-sbh-df-assinam-cct-da-rede-privada-para-2025\/","title":{"rendered":"SindEnfermeiro e SBH-DF assinam CCT da rede privada para 2025"},"content":{"rendered":"<p><img loading=\"lazy\" decoding=\"async\" class=\"aligncenter wp-image-44927 \" src=\"https:\/\/sindenfermeiro.com.br\/wp-content\/uploads\/2024\/12\/IMG_0160-scaled.jpg\" alt=\"\" width=\"549\" height=\"366\" srcset=\"https:\/\/sindenfermeiro.com.br\/wp-content\/uploads\/2024\/12\/IMG_0160-scaled.jpg 2560w, https:\/\/sindenfermeiro.com.br\/wp-content\/uploads\/2024\/12\/IMG_0160-300x200.jpg 300w, https:\/\/sindenfermeiro.com.br\/wp-content\/uploads\/2024\/12\/IMG_0160-1024x683.jpg 1024w, https:\/\/sindenfermeiro.com.br\/wp-content\/uploads\/2024\/12\/IMG_0160-768x512.jpg 768w, https:\/\/sindenfermeiro.com.br\/wp-content\/uploads\/2024\/12\/IMG_0160-1536x1024.jpg 1536w, https:\/\/sindenfermeiro.com.br\/wp-content\/uploads\/2024\/12\/IMG_0160-2048x1365.jpg 2048w\" sizes=\"auto, (max-width: 549px) 100vw, 549px\" \/><\/p>\n<p>O SindEnfermeiro-DF comunica aos profissionais da rede privada que, na tarde de hoje (10), foi realizada a assinatura da Conven\u00e7\u00e3o Coletiva de Trabalho para 2025.<\/p>\n<p>A reuni\u00e3o que concluiu as tratativas para a CCT foi realizada na sede do sindicato, e contou com a presen\u00e7a do presidente Jorge Henrique, e do diretor de Assuntos da Rede Privada, Rangel Fernandes &#8211; al\u00e9m da superintendente do Sindicato Brasiliense de Hospitais, Casas de Sa\u00fade e Cl\u00ednicas (SBH-DF), Danielle Feitosa.<\/p>\n<p>Este acordo marca um importante passo no fortalecimento dos direitos dos profissionais de enfermagem que atuam na rede privada de sa\u00fade, e em breve ser\u00e1 disponibilizado em nosso site para consulta da categoria.<\/p>\n","protected":false},"excerpt":{"rendered":"<p>O SindEnfermeiro-DF comunica aos profissionais da rede privada que, na tarde de hoje (10), foi realizada a assinatura da Conven\u00e7\u00e3o Coletiva de Trabalho para 2025. A reuni\u00e3o que concluiu as tratativas para a CCT foi realizada na sede do sindicato, e contou com a presen\u00e7a do presidente Jorge Henrique, e do diretor de Assuntos da [&hellip;]<\/p>\n","protected":false},"author":6,"featured_media":44927,"comment_status":"open","ping_status":"open","sticky":false,"template":"","format":"standard","meta":{"footnotes":""},"categories":[6,13],"tags":[60,610,21],"class_list":["post-44926","post","type-post","status-publish","format-standard","has-post-thumbnail","hentry","category-noticias","category-rede-privada","tag-convencao-coletiva","tag-sbh","tag-sindenfermeiro"],"_links":{"self":[{"href":"https:\/\/sindenfermeiro.com.br\/index.php\/wp-json\/wp\/v2\/posts\/44926","targetHints":{"allow":["GET"]}}],"collection":[{"href":"https:\/\/sindenfermeiro.com.br\/index.php\/wp-json\/wp\/v2\/posts"}],"about":[{"href":"https:\/\/sindenfermeiro.com.br\/index.php\/wp-json\/wp\/v2\/types\/post"}],"author":[{"embeddable":true,"href":"https:\/\/sindenfermeiro.com.br\/index.php\/wp-json\/wp\/v2\/users\/6"}],"replies":[{"embeddable":true,"href":"https:\/\/sindenfermeiro.com.br\/index.php\/wp-json\/wp\/v2\/comments?post=44926"}],"version-history":[{"count":1,"href":"https:\/\/sindenfermeiro.com.br\/index.php\/wp-json\/wp\/v2\/posts\/44926\/revisions"}],"predecessor-version":[{"id":44928,"href":"https:\/\/sindenfermeiro.com.br\/index.php\/wp-json\/wp\/v2\/posts\/44926\/revisions\/44928"}],"wp:featuredmedia":[{"embeddable":true,"href":"https:\/\/sindenfermeiro.com.br\/index.php\/wp-json\/wp\/v2\/media\/44927"}],"wp:attachment":[{"href":"https:\/\/sindenfermeiro.com.br\/index.php\/wp-json\/wp\/v2\/media?parent=44926"}],"wp:term":[{"taxonomy":"category","embeddable":true,"href":"https:\/\/sindenfermeiro.com.br\/index.php\/wp-json\/wp\/v2\/categories?post=44926"},{"taxonomy":"post_tag","embeddable":true,"href":"https:\/\/sindenfermeiro.com.br\/index.php\/wp-json\/wp\/v2\/tags?post=44926"}],"curies":[{"name":"wp","href":"https:\/\/api.w.org\/{rel}","templated":true}]}}