{"id":44923,"date":"2024-12-06T16:09:03","date_gmt":"2024-12-06T19:09:03","guid":{"rendered":"https:\/\/sindenfermeiro.com.br\/?p=44923"},"modified":"2026-04-29T08:13:14","modified_gmt":"2026-04-29T11:13:14","slug":"assembleia-para-enfermeiros-do-hospital-l2-norte-ira-discutir-o-resultado-da-mediacao","status":"publish","type":"post","link":"https:\/\/sindenfermeiro.com.br\/index.php\/2024\/12\/06\/assembleia-para-enfermeiros-do-hospital-l2-norte-ira-discutir-o-resultado-da-mediacao\/","title":{"rendered":"Assembleia para enfermeiros do Hospital L2 Norte ir\u00e1 discutir o resultado da media\u00e7\u00e3o"},"content":{"rendered":"<p>Aten\u00e7\u00e3o, enfermeiros do Hospital L2 Norte!<\/p>\n<p>Na pr\u00f3xima sexta-feira (13), a partir das 15h (primeira chamada), o SindEnfermeiro-DF vai realizar assembleia com os enfermeiros que atuam no Hospital L2 Norte para discutir o resultado da media\u00e7\u00e3o e outros assuntos de interesse da categoria.<\/p>\n<p>\u2705 A assembleia ser\u00e1 realizada por meio virtual, atrav\u00e9s da plataforma Zoom (link abaixo). Participe!<\/p>\n<p>\ud83d\udcc5 13 de dezembro (sexta-feira)<br \/>\n\u23f0 15h (primeira chamada)<br \/>\n\ud83d\udccd Virtual, por meio da plataforma Zoom:<a href=\"https:\/\/us02web.zoom.us\/j\/82408643165\"> https:\/\/us02web.zoom.us\/j\/82408643165<\/a><\/p>\n","protected":false},"excerpt":{"rendered":"<p>Aten\u00e7\u00e3o, enfermeiros do Hospital L2 Norte! Na pr\u00f3xima sexta-feira (13), a partir das 15h (primeira chamada), o SindEnfermeiro-DF vai realizar assembleia com os enfermeiros que atuam no Hospital L2 Norte para discutir o resultado da media\u00e7\u00e3o e outros assuntos de interesse da categoria. \u2705 A assembleia ser\u00e1 realizada por meio virtual, atrav\u00e9s da plataforma Zoom [&hellip;]<\/p>\n","protected":false},"author":6,"featured_media":44924,"comment_status":"open","ping_status":"open","sticky":false,"template":"","format":"standard","meta":{"footnotes":""},"categories":[6],"tags":[],"class_list":["post-44923","post","type-post","status-publish","format-standard","has-post-thumbnail","hentry","category-noticias"],"_links":{"self":[{"href":"https:\/\/sindenfermeiro.com.br\/index.php\/wp-json\/wp\/v2\/posts\/44923","targetHints":{"allow":["GET"]}}],"collection":[{"href":"https:\/\/sindenfermeiro.com.br\/index.php\/wp-json\/wp\/v2\/posts"}],"about":[{"href":"https:\/\/sindenfermeiro.com.br\/index.php\/wp-json\/wp\/v2\/types\/post"}],"author":[{"embeddable":true,"href":"https:\/\/sindenfermeiro.com.br\/index.php\/wp-json\/wp\/v2\/users\/6"}],"replies":[{"embeddable":true,"href":"https:\/\/sindenfermeiro.com.br\/index.php\/wp-json\/wp\/v2\/comments?post=44923"}],"version-history":[{"count":1,"href":"https:\/\/sindenfermeiro.com.br\/index.php\/wp-json\/wp\/v2\/posts\/44923\/revisions"}],"predecessor-version":[{"id":44925,"href":"https:\/\/sindenfermeiro.com.br\/index.php\/wp-json\/wp\/v2\/posts\/44923\/revisions\/44925"}],"wp:featuredmedia":[{"embeddable":true,"href":"https:\/\/sindenfermeiro.com.br\/index.php\/wp-json\/wp\/v2\/media\/44924"}],"wp:attachment":[{"href":"https:\/\/sindenfermeiro.com.br\/index.php\/wp-json\/wp\/v2\/media?parent=44923"}],"wp:term":[{"taxonomy":"category","embeddable":true,"href":"https:\/\/sindenfermeiro.com.br\/index.php\/wp-json\/wp\/v2\/categories?post=44923"},{"taxonomy":"post_tag","embeddable":true,"href":"https:\/\/sindenfermeiro.com.br\/index.php\/wp-json\/wp\/v2\/tags?post=44923"}],"curies":[{"name":"wp","href":"https:\/\/api.w.org\/{rel}","templated":true}]}}