{"id":44919,"date":"2024-11-25T17:18:25","date_gmt":"2024-11-25T20:18:25","guid":{"rendered":"https:\/\/sindenfermeiro.com.br\/?p=44919"},"modified":"2026-04-29T08:13:14","modified_gmt":"2026-04-29T11:13:14","slug":"em-assembleia-enfermeiros-do-iges-definem-proximos-passos-das-negociacoes-pelo-act","status":"publish","type":"post","link":"https:\/\/sindenfermeiro.com.br\/index.php\/2024\/11\/25\/em-assembleia-enfermeiros-do-iges-definem-proximos-passos-das-negociacoes-pelo-act\/","title":{"rendered":"Em assembleia, enfermeiros do IGES definem pr\u00f3ximos passos das negocia\u00e7\u00f5es pelo ACT"},"content":{"rendered":"<p><img loading=\"lazy\" decoding=\"async\" class=\"aligncenter wp-image-44920 \" src=\"https:\/\/sindenfermeiro.com.br\/wp-content\/uploads\/2024\/11\/NOTA.jpg\" alt=\"\" width=\"421\" height=\"421\" srcset=\"https:\/\/sindenfermeiro.com.br\/wp-content\/uploads\/2024\/11\/NOTA.jpg 1080w, https:\/\/sindenfermeiro.com.br\/wp-content\/uploads\/2024\/11\/NOTA-300x300.jpg 300w, https:\/\/sindenfermeiro.com.br\/wp-content\/uploads\/2024\/11\/NOTA-1024x1024.jpg 1024w, https:\/\/sindenfermeiro.com.br\/wp-content\/uploads\/2024\/11\/NOTA-150x150.jpg 150w, https:\/\/sindenfermeiro.com.br\/wp-content\/uploads\/2024\/11\/NOTA-768x768.jpg 768w\" sizes=\"auto, (max-width: 421px) 100vw, 421px\" \/><\/p>\n<p>O SindEnfermeiro-DF comunica aos enfermeiros que atuam nas unidades do IGES-DF que, em assembleia realizada na tarde de hoje (25), a categoria deliberou sobre as cl\u00e1usulas de negocia\u00e7\u00e3o para o novo Acordo Coletivo de Trabalho.<\/p>\n<p>Os enfermeiros presentes votaram, por maioria, pela assinatura do acordo com vig\u00eancia de 1 ano, contendo as cl\u00e1usulas sociais j\u00e1 negociadas e constantes do ACT cuja vig\u00eancia foi finalizada em 30\/09\/2024 \u2014 com exce\u00e7\u00e3o do par\u00e1grafo 9\u00ba da cl\u00e1usula 14\u00aa do documento citado.<\/p>\n<p>Al\u00e9m das quest\u00f5es mencionadas acima, os enfermeiros votaram pela inclus\u00e3o da cl\u00e1usula de mesa de negocia\u00e7\u00e3o para deliberar sobre:<\/p>\n<p>&#8211; Concess\u00e3o do vale-alimenta\u00e7\u00e3o para todos os colaboradores;<\/p>\n<p>&#8211; Implementa\u00e7\u00e3o do plano de sa\u00fade at\u00e9 mar\u00e7o de 2025;<\/p>\n<p>&#8211; Implementa\u00e7\u00e3o do Plano de Cargos e Sal\u00e1rios at\u00e9 junho de 2025;<\/p>\n<p>&#8211; Remunera\u00e7\u00e3o extra aos domingos e feriados.<\/p>\n<p>&#8211; Reajuste\u00a0salarial<\/p>\n","protected":false},"excerpt":{"rendered":"<p>O SindEnfermeiro-DF comunica aos enfermeiros que atuam nas unidades do IGES-DF que, em assembleia realizada na tarde de hoje (25), a categoria deliberou sobre as cl\u00e1usulas de negocia\u00e7\u00e3o para o novo Acordo Coletivo de Trabalho. Os enfermeiros presentes votaram, por maioria, pela assinatura do acordo com vig\u00eancia de 1 ano, contendo as cl\u00e1usulas sociais j\u00e1 [&hellip;]<\/p>\n","protected":false},"author":6,"featured_media":44921,"comment_status":"open","ping_status":"open","sticky":false,"template":"","format":"standard","meta":{"footnotes":""},"categories":[6],"tags":[285,310],"class_list":["post-44919","post","type-post","status-publish","format-standard","has-post-thumbnail","hentry","category-noticias","tag-acordo-coletivo","tag-iges"],"_links":{"self":[{"href":"https:\/\/sindenfermeiro.com.br\/index.php\/wp-json\/wp\/v2\/posts\/44919","targetHints":{"allow":["GET"]}}],"collection":[{"href":"https:\/\/sindenfermeiro.com.br\/index.php\/wp-json\/wp\/v2\/posts"}],"about":[{"href":"https:\/\/sindenfermeiro.com.br\/index.php\/wp-json\/wp\/v2\/types\/post"}],"author":[{"embeddable":true,"href":"https:\/\/sindenfermeiro.com.br\/index.php\/wp-json\/wp\/v2\/users\/6"}],"replies":[{"embeddable":true,"href":"https:\/\/sindenfermeiro.com.br\/index.php\/wp-json\/wp\/v2\/comments?post=44919"}],"version-history":[{"count":1,"href":"https:\/\/sindenfermeiro.com.br\/index.php\/wp-json\/wp\/v2\/posts\/44919\/revisions"}],"predecessor-version":[{"id":44922,"href":"https:\/\/sindenfermeiro.com.br\/index.php\/wp-json\/wp\/v2\/posts\/44919\/revisions\/44922"}],"wp:featuredmedia":[{"embeddable":true,"href":"https:\/\/sindenfermeiro.com.br\/index.php\/wp-json\/wp\/v2\/media\/44921"}],"wp:attachment":[{"href":"https:\/\/sindenfermeiro.com.br\/index.php\/wp-json\/wp\/v2\/media?parent=44919"}],"wp:term":[{"taxonomy":"category","embeddable":true,"href":"https:\/\/sindenfermeiro.com.br\/index.php\/wp-json\/wp\/v2\/categories?post=44919"},{"taxonomy":"post_tag","embeddable":true,"href":"https:\/\/sindenfermeiro.com.br\/index.php\/wp-json\/wp\/v2\/tags?post=44919"}],"curies":[{"name":"wp","href":"https:\/\/api.w.org\/{rel}","templated":true}]}}