{"id":44908,"date":"2024-11-20T16:10:28","date_gmt":"2024-11-20T19:10:28","guid":{"rendered":"https:\/\/sindenfermeiro.com.br\/?p=44908"},"modified":"2026-04-29T08:10:42","modified_gmt":"2026-04-29T11:10:42","slug":"convocacao-assembleia-enfermeiros-do-iges-df","status":"publish","type":"post","link":"https:\/\/sindenfermeiro.com.br\/index.php\/2024\/11\/20\/convocacao-assembleia-enfermeiros-do-iges-df\/","title":{"rendered":"SindEnfermeiro-DF promover\u00e1 assembleia com os enfermeiros que atuam no IGES-DF"},"content":{"rendered":"<p>Na pr\u00f3xima segunda-feira (25), a partir das 14h30 (primeira chamada), o SindEnfermeiro-DF vai realizar assembleia com os enfermeiros que atuam nas unidades do Instituto de Gest\u00e3o Estrat\u00e9gica da Sa\u00fade do DF, para discutir a proposta de Acordo Coletivo feita pelo IGES.<\/p>\n<p>\u2705<strong> A assembleia ser\u00e1 realizada por meio virtual, atrav\u00e9s da plataforma Zoom (link abaixo). Participe!<\/strong><\/p>\n<p>\ud83d\udcc5 25 de novembro (segunda-feira)<br \/>\n\u23f0 14h30 (primeira chamada)<br \/>\n\ud83d\udccd<strong> Virtual, por meio da plataforma Zoom:<\/strong><br \/>\nhttps:\/\/us02web.zoom.us\/j\/87419099896<\/p>\n","protected":false},"excerpt":{"rendered":"<p>Na pr\u00f3xima segunda-feira (25), a partir das 14h30 (primeira chamada), o SindEnfermeiro-DF vai realizar assembleia com os enfermeiros que atuam nas unidades do Instituto de Gest\u00e3o Estrat\u00e9gica da Sa\u00fade do DF, para discutir a proposta de Acordo Coletivo feita pelo IGES. \u2705 A assembleia ser\u00e1 realizada por meio virtual, atrav\u00e9s da plataforma Zoom (link abaixo). [&hellip;]<\/p>\n","protected":false},"author":6,"featured_media":44868,"comment_status":"open","ping_status":"open","sticky":false,"template":"","format":"standard","meta":{"footnotes":""},"categories":[6,13],"tags":[],"class_list":["post-44908","post","type-post","status-publish","format-standard","has-post-thumbnail","hentry","category-noticias","category-rede-privada"],"_links":{"self":[{"href":"https:\/\/sindenfermeiro.com.br\/index.php\/wp-json\/wp\/v2\/posts\/44908","targetHints":{"allow":["GET"]}}],"collection":[{"href":"https:\/\/sindenfermeiro.com.br\/index.php\/wp-json\/wp\/v2\/posts"}],"about":[{"href":"https:\/\/sindenfermeiro.com.br\/index.php\/wp-json\/wp\/v2\/types\/post"}],"author":[{"embeddable":true,"href":"https:\/\/sindenfermeiro.com.br\/index.php\/wp-json\/wp\/v2\/users\/6"}],"replies":[{"embeddable":true,"href":"https:\/\/sindenfermeiro.com.br\/index.php\/wp-json\/wp\/v2\/comments?post=44908"}],"version-history":[{"count":3,"href":"https:\/\/sindenfermeiro.com.br\/index.php\/wp-json\/wp\/v2\/posts\/44908\/revisions"}],"predecessor-version":[{"id":44911,"href":"https:\/\/sindenfermeiro.com.br\/index.php\/wp-json\/wp\/v2\/posts\/44908\/revisions\/44911"}],"wp:featuredmedia":[{"embeddable":true,"href":"https:\/\/sindenfermeiro.com.br\/index.php\/wp-json\/wp\/v2\/media\/44868"}],"wp:attachment":[{"href":"https:\/\/sindenfermeiro.com.br\/index.php\/wp-json\/wp\/v2\/media?parent=44908"}],"wp:term":[{"taxonomy":"category","embeddable":true,"href":"https:\/\/sindenfermeiro.com.br\/index.php\/wp-json\/wp\/v2\/categories?post=44908"},{"taxonomy":"post_tag","embeddable":true,"href":"https:\/\/sindenfermeiro.com.br\/index.php\/wp-json\/wp\/v2\/tags?post=44908"}],"curies":[{"name":"wp","href":"https:\/\/api.w.org\/{rel}","templated":true}]}}