{"id":44905,"date":"2024-11-13T15:56:45","date_gmt":"2024-11-13T18:56:45","guid":{"rendered":"https:\/\/sindenfermeiro.com.br\/?p=44905"},"modified":"2026-04-29T09:31:45","modified_gmt":"2026-04-29T12:31:45","slug":"assembleia-para-apresentar-a-contraproposta-do-sbh-da-convencao-coletivo-de-trabalho","status":"publish","type":"post","link":"https:\/\/sindenfermeiro.com.br\/index.php\/2024\/11\/13\/assembleia-para-apresentar-a-contraproposta-do-sbh-da-convencao-coletivo-de-trabalho\/","title":{"rendered":"Assembleia para apresentar a contraproposta do SBH da Conven\u00e7\u00e3o Coletivo de Trabalho."},"content":{"rendered":"<p>Aten\u00e7\u00e3o, enfermeiros da rede privada do DF!<\/p>\n<p>Na pr\u00f3xima ter\u00e7a-feira (19), a partir das 14h30 (primeira chamada), o SindEnfermeiro-DF vai realizar assembleia com os enfermeiros que atuam na rede privada para apresentar a contraproposta do Sindicato Brasiliense de Hospitais, Casas de Sa\u00fade e Cl\u00ednicas (SBH) da Conven\u00e7\u00e3o Coletivo de Trabalho.<\/p>\n<p>\u2705 A assembleia ser\u00e1 realizada por meio virtual, atrav\u00e9s da plataforma Zoom. Participe!<\/p>\n<p>\ud83d\udcc5 19 de novembro (ter\u00e7a-feira)<br \/>\n\u23f0 14h30 (primeira chamada)<br \/>\n\ud83d\udccd <a href=\"https:\/\/us02web.zoom.us\/j\/82785819405\">Virtual, por meio da plataforma Zoom<\/a><\/p>\n","protected":false},"excerpt":{"rendered":"<p>Aten\u00e7\u00e3o, enfermeiros da rede privada do DF! Na pr\u00f3xima ter\u00e7a-feira (19), a partir das 14h30 (primeira chamada), o SindEnfermeiro-DF vai realizar assembleia com os enfermeiros que atuam na rede privada para apresentar a contraproposta do Sindicato Brasiliense de Hospitais, Casas de Sa\u00fade e Cl\u00ednicas (SBH) da Conven\u00e7\u00e3o Coletivo de Trabalho. \u2705 A assembleia ser\u00e1 realizada [&hellip;]<\/p>\n","protected":false},"author":6,"featured_media":44087,"comment_status":"open","ping_status":"open","sticky":false,"template":"","format":"standard","meta":{"footnotes":""},"categories":[6],"tags":[],"class_list":["post-44905","post","type-post","status-publish","format-standard","has-post-thumbnail","hentry","category-noticias"],"_links":{"self":[{"href":"https:\/\/sindenfermeiro.com.br\/index.php\/wp-json\/wp\/v2\/posts\/44905","targetHints":{"allow":["GET"]}}],"collection":[{"href":"https:\/\/sindenfermeiro.com.br\/index.php\/wp-json\/wp\/v2\/posts"}],"about":[{"href":"https:\/\/sindenfermeiro.com.br\/index.php\/wp-json\/wp\/v2\/types\/post"}],"author":[{"embeddable":true,"href":"https:\/\/sindenfermeiro.com.br\/index.php\/wp-json\/wp\/v2\/users\/6"}],"replies":[{"embeddable":true,"href":"https:\/\/sindenfermeiro.com.br\/index.php\/wp-json\/wp\/v2\/comments?post=44905"}],"version-history":[{"count":1,"href":"https:\/\/sindenfermeiro.com.br\/index.php\/wp-json\/wp\/v2\/posts\/44905\/revisions"}],"predecessor-version":[{"id":44907,"href":"https:\/\/sindenfermeiro.com.br\/index.php\/wp-json\/wp\/v2\/posts\/44905\/revisions\/44907"}],"wp:featuredmedia":[{"embeddable":true,"href":"https:\/\/sindenfermeiro.com.br\/index.php\/wp-json\/wp\/v2\/media\/44087"}],"wp:attachment":[{"href":"https:\/\/sindenfermeiro.com.br\/index.php\/wp-json\/wp\/v2\/media?parent=44905"}],"wp:term":[{"taxonomy":"category","embeddable":true,"href":"https:\/\/sindenfermeiro.com.br\/index.php\/wp-json\/wp\/v2\/categories?post=44905"},{"taxonomy":"post_tag","embeddable":true,"href":"https:\/\/sindenfermeiro.com.br\/index.php\/wp-json\/wp\/v2\/tags?post=44905"}],"curies":[{"name":"wp","href":"https:\/\/api.w.org\/{rel}","templated":true}]}}