{"id":44900,"date":"2024-11-07T13:53:39","date_gmt":"2024-11-07T16:53:39","guid":{"rendered":"https:\/\/sindenfermeiro.com.br\/?p=44900"},"modified":"2026-05-03T03:51:58","modified_gmt":"2026-05-03T06:51:58","slug":"nota-de-repudio-contra-decisao-que-autoriza-contratacao-de-servidor-publico-via-clt","status":"publish","type":"post","link":"https:\/\/sindenfermeiro.com.br\/index.php\/2024\/11\/07\/nota-de-repudio-contra-decisao-que-autoriza-contratacao-de-servidor-publico-via-clt\/","title":{"rendered":"Nota de Rep\u00fadio contra decis\u00e3o do STF que autoriza contrata\u00e7\u00e3o de servidor p\u00fablico via CLT"},"content":{"rendered":"<p>O Sindicato dos Enfermeiros do Distrito Federal (SindEnfermeiro-DF) vem, por meio desta nota, manifestar seu veemente rep\u00fadio \u00e0 decis\u00e3o do Supremo Tribunal Federal (STF), tomada em 6 de novembro de 2024, por 8 votos a 3, que valida a supress\u00e3o do Regime Jur\u00eddico \u00danico para os servidores p\u00fablicos.<\/p>\n<p>Tal decis\u00e3o enfraquece o servi\u00e7o p\u00fablico, abre brechas para pr\u00e1ticas que favorecem a contrata\u00e7\u00e3o de apadrinhados pol\u00edticos e coloca em risco a autonomia e a estabilidade dos servidores, direitos esses garantidos pela Constitui\u00e7\u00e3o Federal de 1988.<\/p>\n<p>A decis\u00e3o do STF tamb\u00e9m permite que o Estado se desvincule de suas obriga\u00e7\u00f5es com os servidores p\u00fablicos, inclusive a obriga\u00e7\u00e3o de estabelecer planos de carreira para os servidores contratados pelo regime celetista.<\/p>\n<p>Al\u00e9m disso, a flexibiliza\u00e7\u00e3o das modalidades de v\u00ednculo empregat\u00edcio, que pode ocorrer via Consolida\u00e7\u00e3o das Leis do Trabalho (CLT), n\u00e3o s\u00f3 prejudica a qualidade dos servi\u00e7os prestados \u00e0 popula\u00e7\u00e3o, como tamb\u00e9m aumenta o risco de persegui\u00e7\u00f5es pol\u00edticas e precariza\u00e7\u00e3o do trabalho.<\/p>\n<p>Essa decis\u00e3o, al\u00e9m de ser um retrocesso hist\u00f3rico, ataca diretamente as bases do servi\u00e7o p\u00fablico e os direitos dos trabalhadores, especialmente nas \u00e1reas essenciais como sa\u00fade, educa\u00e7\u00e3o e seguran\u00e7a, que dependem de um funcionalismo est\u00e1vel, capacitado e comprometido com a popula\u00e7\u00e3o. A abertura para a contrata\u00e7\u00e3o via CLT cria um ambiente de volatilidade e falta de continuidade nas pol\u00edticas p\u00fablicas. O mais grave \u00e9 que a\u00e7\u00f5es como essas fortalecem o discurso neoliberal de Estado M\u00ednimo, que, em \u00faltima inst\u00e2ncia, prioriza o lucro sobre os servi\u00e7os p\u00fablicos, abrindo caminho para as privatiza\u00e7\u00f5es de servi\u00e7os do Estado previstos na Constitui\u00e7\u00e3o.<\/p>\n<p>O Sindicato dos Enfermeiros do Distrito Federal reafirma seu compromisso inabal\u00e1vel com a defesa da sa\u00fade p\u00fablica de qualidade, com a valoriza\u00e7\u00e3o dos profissionais de sa\u00fade e com a luta por um servi\u00e7o p\u00fablico que atenda \u00e0s necessidades da popula\u00e7\u00e3o de maneira justa e eficiente.<\/p>\n<p>Emenda<br \/>\nA decis\u00e3o do STF valida a Emenda Constitucional 19\/1998, que instituiu a Reforma Administrativa no governo de Fernando Henrique Cardoso (PSDB), e que havia sido suspensa desde 2007. Essa emenda aboliu a obrigatoriedade do Regime Jur\u00eddico \u00danico para os servidores p\u00fablicos e retirou a exig\u00eancia de Uni\u00e3o, estados e munic\u00edpios de criarem planos de carreira para os servidores da administra\u00e7\u00e3o p\u00fablica direta, autarquias e funda\u00e7\u00f5es p\u00fablicas. Embora tenha sido questionada no STF em 2000, a flexibiliza\u00e7\u00e3o s\u00f3 foi suspensa em 2007, por decis\u00e3o liminar.<\/p>\n","protected":false},"excerpt":{"rendered":"<p>O Sindicato dos Enfermeiros do Distrito Federal (SindEnfermeiro-DF) vem, por meio desta nota, manifestar seu veemente rep\u00fadio \u00e0 decis\u00e3o do Supremo Tribunal Federal (STF), tomada em 6 de novembro de 2024, por 8 votos a 3, que valida a supress\u00e3o do Regime Jur\u00eddico \u00danico para os servidores p\u00fablicos. Tal decis\u00e3o enfraquece o servi\u00e7o p\u00fablico, abre [&hellip;]<\/p>\n","protected":false},"author":6,"featured_media":44901,"comment_status":"open","ping_status":"open","sticky":false,"template":"","format":"standard","meta":{"footnotes":""},"categories":[6],"tags":[],"class_list":["post-44900","post","type-post","status-publish","format-standard","has-post-thumbnail","hentry","category-noticias"],"_links":{"self":[{"href":"https:\/\/sindenfermeiro.com.br\/index.php\/wp-json\/wp\/v2\/posts\/44900","targetHints":{"allow":["GET"]}}],"collection":[{"href":"https:\/\/sindenfermeiro.com.br\/index.php\/wp-json\/wp\/v2\/posts"}],"about":[{"href":"https:\/\/sindenfermeiro.com.br\/index.php\/wp-json\/wp\/v2\/types\/post"}],"author":[{"embeddable":true,"href":"https:\/\/sindenfermeiro.com.br\/index.php\/wp-json\/wp\/v2\/users\/6"}],"replies":[{"embeddable":true,"href":"https:\/\/sindenfermeiro.com.br\/index.php\/wp-json\/wp\/v2\/comments?post=44900"}],"version-history":[{"count":2,"href":"https:\/\/sindenfermeiro.com.br\/index.php\/wp-json\/wp\/v2\/posts\/44900\/revisions"}],"predecessor-version":[{"id":44903,"href":"https:\/\/sindenfermeiro.com.br\/index.php\/wp-json\/wp\/v2\/posts\/44900\/revisions\/44903"}],"wp:featuredmedia":[{"embeddable":true,"href":"https:\/\/sindenfermeiro.com.br\/index.php\/wp-json\/wp\/v2\/media\/44901"}],"wp:attachment":[{"href":"https:\/\/sindenfermeiro.com.br\/index.php\/wp-json\/wp\/v2\/media?parent=44900"}],"wp:term":[{"taxonomy":"category","embeddable":true,"href":"https:\/\/sindenfermeiro.com.br\/index.php\/wp-json\/wp\/v2\/categories?post=44900"},{"taxonomy":"post_tag","embeddable":true,"href":"https:\/\/sindenfermeiro.com.br\/index.php\/wp-json\/wp\/v2\/tags?post=44900"}],"curies":[{"name":"wp","href":"https:\/\/api.w.org\/{rel}","templated":true}]}}