{"id":44892,"date":"2024-10-23T17:09:14","date_gmt":"2024-10-23T20:09:14","guid":{"rendered":"https:\/\/sindenfermeiro.com.br\/?p=44892"},"modified":"2026-04-30T15:53:35","modified_gmt":"2026-04-30T18:53:35","slug":"a-luta-dos-enfermeiros-pela-isonomia-salarial-continua-firme","status":"publish","type":"post","link":"https:\/\/sindenfermeiro.com.br\/index.php\/2024\/10\/23\/a-luta-dos-enfermeiros-pela-isonomia-salarial-continua-firme\/","title":{"rendered":"A luta dos Enfermeiros pela isonomia salarial continua firme"},"content":{"rendered":"<p>A mobiliza\u00e7\u00e3o permanente dos enfermeiros da rede p\u00fablica de sa\u00fade do DF pela isonomia salarial continua. A decis\u00e3o foi aprovada em assembleia realizada na manh\u00e3 de quarta-feira (23\/10), que ocorreu durante um ato com paralisa\u00e7\u00e3o da categoria em frente ao Edif\u00edcio PO 700, onde fica a sede da Secretaria de Sa\u00fade do DF.<\/p>\n<p>A categoria aprovou tamb\u00e9m a continuidade da mobiliza\u00e7\u00e3o com as secretarias de Sa\u00fade, de Economia, governo e CLDF para que a mesa de negocia\u00e7\u00e3o seja definitivamente instalada. Por fim, os enfermeiros decidiram sair do estado de greve com o intuito de sinalizar abertura para as negocia\u00e7\u00f5es.<\/p>\n<p>Luta nos bastidores<\/p>\n<p>A reuni\u00e3o de ter\u00e7a-feira, dia 22, do Sindicato e da deputada distrital Dayse Amarilio (PSB) com o secret\u00e1rio executivo de Finan\u00e7as, Or\u00e7amento e Planejamento, Thiago Conde, tamb\u00e9m foi tema da assembleia. Nesta reuni\u00e3o, as propostas dos enfermeiros foram apresentadas, juntamente com os argumentos e impactos positivos que a categoria representa para a sa\u00fade p\u00fablica.<\/p>\n<p>O presidente do SindEnfermeiro, Jorge Henrique, avalia que a reuni\u00e3o teve sinaliza\u00e7\u00f5es positivas.<\/p>\n<p>A deputada distrital e enfermeira da Secretaria de Sa\u00fade, Dayse Amarilio, participou do ato e de todas as mesas de negocia\u00e7\u00e3o com representantes do governo e da Secretaria. Ela tamb\u00e9m reafirma o compromisso com a luta pela isonomia e pela reestrutura\u00e7\u00e3o da carreira e disse que est\u00e1 a lutar na C\u00e2mara Legislativa pela aprova\u00e7\u00e3o da LDO com previs\u00e3o de or\u00e7amento para o reajuste salarial dos mais de 5 mil enfermeiros ativos e aposentados do SUS no DF.<\/p>\n<p>Isonomia J\u00e1!<\/p>\n<p>&nbsp;<\/p>\n<p><em><span style=\"font-size: 10pt\">Por Camila Piacesi<\/span><\/em><\/p>\n","protected":false},"excerpt":{"rendered":"<p>A mobiliza\u00e7\u00e3o permanente dos enfermeiros da rede p\u00fablica de sa\u00fade do DF pela isonomia salarial continua. A decis\u00e3o foi aprovada em assembleia realizada na manh\u00e3 de quarta-feira (23\/10), que ocorreu durante um ato com paralisa\u00e7\u00e3o da categoria em frente ao Edif\u00edcio PO 700, onde fica a sede da Secretaria de Sa\u00fade do DF. A categoria [&hellip;]<\/p>\n","protected":false},"author":6,"featured_media":44893,"comment_status":"open","ping_status":"open","sticky":false,"template":"","format":"standard","meta":{"footnotes":""},"categories":[6],"tags":[],"class_list":["post-44892","post","type-post","status-publish","format-standard","has-post-thumbnail","hentry","category-noticias"],"_links":{"self":[{"href":"https:\/\/sindenfermeiro.com.br\/index.php\/wp-json\/wp\/v2\/posts\/44892","targetHints":{"allow":["GET"]}}],"collection":[{"href":"https:\/\/sindenfermeiro.com.br\/index.php\/wp-json\/wp\/v2\/posts"}],"about":[{"href":"https:\/\/sindenfermeiro.com.br\/index.php\/wp-json\/wp\/v2\/types\/post"}],"author":[{"embeddable":true,"href":"https:\/\/sindenfermeiro.com.br\/index.php\/wp-json\/wp\/v2\/users\/6"}],"replies":[{"embeddable":true,"href":"https:\/\/sindenfermeiro.com.br\/index.php\/wp-json\/wp\/v2\/comments?post=44892"}],"version-history":[{"count":2,"href":"https:\/\/sindenfermeiro.com.br\/index.php\/wp-json\/wp\/v2\/posts\/44892\/revisions"}],"predecessor-version":[{"id":44895,"href":"https:\/\/sindenfermeiro.com.br\/index.php\/wp-json\/wp\/v2\/posts\/44892\/revisions\/44895"}],"wp:featuredmedia":[{"embeddable":true,"href":"https:\/\/sindenfermeiro.com.br\/index.php\/wp-json\/wp\/v2\/media\/44893"}],"wp:attachment":[{"href":"https:\/\/sindenfermeiro.com.br\/index.php\/wp-json\/wp\/v2\/media?parent=44892"}],"wp:term":[{"taxonomy":"category","embeddable":true,"href":"https:\/\/sindenfermeiro.com.br\/index.php\/wp-json\/wp\/v2\/categories?post=44892"},{"taxonomy":"post_tag","embeddable":true,"href":"https:\/\/sindenfermeiro.com.br\/index.php\/wp-json\/wp\/v2\/tags?post=44892"}],"curies":[{"name":"wp","href":"https:\/\/api.w.org\/{rel}","templated":true}]}}