{"id":4489,"date":"2018-10-24T13:35:13","date_gmt":"2018-10-24T13:35:13","guid":{"rendered":"http:\/\/www.sindenfermeiro.com.br\/?p=4489"},"modified":"2026-04-26T16:05:41","modified_gmt":"2026-04-26T19:05:41","slug":"sindenfermeiro-protocola-pedido-de-participacao-no-processo-da-lei-do-descanso","status":"publish","type":"post","link":"https:\/\/sindenfermeiro.com.br\/index.php\/2018\/10\/24\/sindenfermeiro-protocola-pedido-de-participacao-no-processo-da-lei-do-descanso\/","title":{"rendered":"SindEnfermeiro protocola pedido de participa\u00e7\u00e3o no processo da Lei do Descanso"},"content":{"rendered":"<style type=\"text\/css\">\n#foogallery-gallery-4491 .fg-image { width: 640px; }<\/style>\n\t\t\t<div class=\"foogallery foogallery-container foogallery-image-viewer foogallery-link-image foogallery-lightbox-none fg-center fg-image-viewer fg-ready fg-light fg-border-thin fg-shadow-outline fg-loading-default fg-loaded-fade-in fg-caption-hover fg-hover-fade fg-hover-zoom\" id=\"foogallery-gallery-4491\" data-foogallery=\"{&quot;item&quot;:{&quot;showCaptionTitle&quot;:true,&quot;showCaptionDescription&quot;:true},&quot;lazy&quot;:true,&quot;template&quot;:{&quot;loop&quot;:true}}\" style=\"--fg-title-line-clamp: 0; --fg-description-line-clamp: 0;\" >\n\t<div class=\"fiv-inner\">\n\t\t<div class=\"fiv-inner-container\">\n\t\t\t\t\t<\/div>\n\t\t<div class=\"fiv-ctrls\">\n\t\t\t<button type=\"button\" class=\"fiv-prev\" title=\"Prev\"><span>Prev<\/span><\/button>\n\t\t\t<label class=\"fiv-count\"><span class=\"fiv-count-current\">1<\/span>of<span class=\"fiv-count-total\">6<\/span><\/label>\n\t\t\t<button type=\"button\" class=\"fiv-next\" title=\"Next\"><span>Next<\/span><\/button>\n\t\t<\/div>\n\t<\/div>\n<\/div>\n<p>O Departamento Jur\u00eddico do Sindicato dos Enfermeiros do DF, esteve nesta ter\u00e7a (23), no Tribunal de Justi\u00e7a do DF e Territ\u00f3rios (TJDFT), para entregar a procura\u00e7\u00e3o que solicita a participa\u00e7\u00e3o do SindEnfermeiro no processo da Lei do Descanso Digno, na condi\u00e7\u00e3o de terceiro interessado.<\/p>\n<p>A Lei do Descanso, aprovada em 8 de junho de 2017, trata das condi\u00e7\u00f5es de repouso dos enfermeiros da Secretaria de Sa\u00fade e da rede privada, e estabelece a obrigatoriedade de condi\u00e7\u00f5es m\u00ednimas de salubridade nos locais de descanso dos profissionais.<\/p>\n<p>No entanto, a lei foi suspensa neste ano ap\u00f3s a\u00e7\u00e3o do Sindicato dos Hospitais, Casas de Sa\u00fade e Cl\u00ednicas do DF (SHB), que alega o projeto deveria partir do Poder Executivo, e as leis que regulamentam as quest\u00f5es trabalhistas s\u00e3o de responsabilidade da Uni\u00e3o.<\/p>\n<p>Para mais informa\u00e7\u00f5es, entre em contato com o departamento jur\u00eddico do SindEnfermeiro, pelo telefone (61) 3447-9697, ou pelo e-mail jur\u00eddico@sindenfermeiro.com.br<\/p>\n","protected":false},"excerpt":{"rendered":"<p>O Departamento Jur\u00eddico do Sindicato dos Enfermeiros do DF, esteve nesta ter\u00e7a (23), no Tribunal de Justi\u00e7a do DF e Territ\u00f3rios (TJDFT), para entregar a procura\u00e7\u00e3o que solicita a participa\u00e7\u00e3o do SindEnfermeiro no processo da Lei do Descanso Digno, na condi\u00e7\u00e3o de terceiro interessado. A Lei do Descanso, aprovada em 8 de junho de 2017, [&hellip;]<\/p>\n","protected":false},"author":6,"featured_media":4496,"comment_status":"closed","ping_status":"closed","sticky":false,"template":"","format":"standard","meta":{"footnotes":""},"categories":[16,5,2],"tags":[138,99,28,44],"class_list":["post-4489","post","type-post","status-publish","format-standard","has-post-thumbnail","hentry","category-processos","category-rede-publica","category-teste","tag-departamento-juridico","tag-enfermagem-df","tag-lei-do-descanso-digno","tag-sindenfermeiro-df"],"_links":{"self":[{"href":"https:\/\/sindenfermeiro.com.br\/index.php\/wp-json\/wp\/v2\/posts\/4489","targetHints":{"allow":["GET"]}}],"collection":[{"href":"https:\/\/sindenfermeiro.com.br\/index.php\/wp-json\/wp\/v2\/posts"}],"about":[{"href":"https:\/\/sindenfermeiro.com.br\/index.php\/wp-json\/wp\/v2\/types\/post"}],"author":[{"embeddable":true,"href":"https:\/\/sindenfermeiro.com.br\/index.php\/wp-json\/wp\/v2\/users\/6"}],"replies":[{"embeddable":true,"href":"https:\/\/sindenfermeiro.com.br\/index.php\/wp-json\/wp\/v2\/comments?post=4489"}],"version-history":[{"count":1,"href":"https:\/\/sindenfermeiro.com.br\/index.php\/wp-json\/wp\/v2\/posts\/4489\/revisions"}],"predecessor-version":[{"id":32702,"href":"https:\/\/sindenfermeiro.com.br\/index.php\/wp-json\/wp\/v2\/posts\/4489\/revisions\/32702"}],"wp:featuredmedia":[{"embeddable":true,"href":"https:\/\/sindenfermeiro.com.br\/index.php\/wp-json\/"}],"wp:attachment":[{"href":"https:\/\/sindenfermeiro.com.br\/index.php\/wp-json\/wp\/v2\/media?parent=4489"}],"wp:term":[{"taxonomy":"category","embeddable":true,"href":"https:\/\/sindenfermeiro.com.br\/index.php\/wp-json\/wp\/v2\/categories?post=4489"},{"taxonomy":"post_tag","embeddable":true,"href":"https:\/\/sindenfermeiro.com.br\/index.php\/wp-json\/wp\/v2\/tags?post=4489"}],"curies":[{"name":"wp","href":"https:\/\/api.w.org\/{rel}","templated":true}]}}