{"id":44877,"date":"2024-10-11T16:16:51","date_gmt":"2024-10-11T19:16:51","guid":{"rendered":"https:\/\/sindenfermeiro.com.br\/?p=44877"},"modified":"2026-04-29T08:12:55","modified_gmt":"2026-04-29T11:12:55","slug":"baile-dos-enfermeiros-esta-chegando-a-festa-mais-aguardada-do-ano","status":"publish","type":"post","link":"https:\/\/sindenfermeiro.com.br\/index.php\/2024\/10\/11\/baile-dos-enfermeiros-esta-chegando-a-festa-mais-aguardada-do-ano\/","title":{"rendered":"Baile dos Enfermeiros &#8211; Est\u00e1 chegando a festa mais aguardada do ano!"},"content":{"rendered":"<p>O Baile dos Enfermeiros 2024 j\u00e1 tem data: 09 de novembro, \u00e0s 22h, no Clube do Ex\u00e9rcito (Setor de Clubes Sul).<\/p>\n<p>A m\u00fasica ficar\u00e1 por conta da animad\u00edssima banda DF Music, e teremos um evento open bar e open food!<\/p>\n<p>Para tornar essa celebra\u00e7\u00e3o ainda mais especial, o filiado ter\u00e1 o direito de levar um acompanhante para compartilhar essa experi\u00eancia \u00fanica.<br \/>\n\u00c9 a oportunidade perfeita para reencontrar amigos e colegas e celebrar juntos uma noite inesquec\u00edvel.<\/p>\n<p>Para que tenhamos um encontro ainda mais especial, confira as informa\u00e7\u00f5es abaixo.<\/p>\n<p>* O Baile dos Enfermeiros 2024 ocorrer\u00e1 no dia 09\/11, \u00e0s 22h, no Clube do Ex\u00e9rcito (Setor de Clubes Sul).<br \/>\n* Todos os sindicalizados que estiverem em dia com as mensalidades t\u00eam direito a participa\u00e7\u00e3o no baile, podendo levar um acompanhante. A entrada do acompanhante dever\u00e1 ocorrer obrigatoriamente junto com a do filiado, que dever\u00e1 apresentar um documento de identifica\u00e7\u00e3o.<br \/>\n* Na entrada, o filiado dever\u00e1 apresentar um documento de identifica\u00e7\u00e3o com foto para entrar no evento. O convite \u00e9 PESSOAL e INTRANSFER\u00cdVEL.<br \/>\n* As confirma\u00e7\u00f5es se iniciam em 09\/10\/2024 e v\u00e3o at\u00e9 05\/11\/24.<br \/>\n* N\u00e3o ser\u00e3o realizadas filia\u00e7\u00f5es na entrada do evento.<br \/>\n* N\u00e3o haver\u00e1 venda de convites.<br \/>\n* Para participar do baile a filia\u00e7\u00e3o no sindicato deve ter sido realizada at\u00e9 o dia 30 de setembro de 2024 e ter sido conclu\u00edda (ter havido desconto em folha de pagamento para os servidores da SES-DF e para os filiados da rede privada, ter sido realizado o pagamento da mensalidade).<\/p>\n<p>&#8211; Traje: esporte fino<br \/>\n&#8211; Crian\u00e7a a partir de 7 anos \u00e9 considerada acompanhante.<\/p>\n<p>\ud83d\udcccCONFIRMA\u00c7\u00c3O DE PRESEN\u00c7A AT\u00c9 DIA 05.11<br \/>\n\u260e\ufe0f(61) 3273-0307 ou (61) 9 9293-0448<\/p>\n","protected":false},"excerpt":{"rendered":"<p>O Baile dos Enfermeiros 2024 j\u00e1 tem data: 09 de novembro, \u00e0s 22h, no Clube do Ex\u00e9rcito (Setor de Clubes Sul). A m\u00fasica ficar\u00e1 por conta da animad\u00edssima banda DF Music, e teremos um evento open bar e open food! Para tornar essa celebra\u00e7\u00e3o ainda mais especial, o filiado ter\u00e1 o direito de levar um [&hellip;]<\/p>\n","protected":false},"author":6,"featured_media":44878,"comment_status":"open","ping_status":"open","sticky":false,"template":"","format":"standard","meta":{"footnotes":""},"categories":[6],"tags":[],"class_list":["post-44877","post","type-post","status-publish","format-standard","has-post-thumbnail","hentry","category-noticias"],"_links":{"self":[{"href":"https:\/\/sindenfermeiro.com.br\/index.php\/wp-json\/wp\/v2\/posts\/44877","targetHints":{"allow":["GET"]}}],"collection":[{"href":"https:\/\/sindenfermeiro.com.br\/index.php\/wp-json\/wp\/v2\/posts"}],"about":[{"href":"https:\/\/sindenfermeiro.com.br\/index.php\/wp-json\/wp\/v2\/types\/post"}],"author":[{"embeddable":true,"href":"https:\/\/sindenfermeiro.com.br\/index.php\/wp-json\/wp\/v2\/users\/6"}],"replies":[{"embeddable":true,"href":"https:\/\/sindenfermeiro.com.br\/index.php\/wp-json\/wp\/v2\/comments?post=44877"}],"version-history":[{"count":1,"href":"https:\/\/sindenfermeiro.com.br\/index.php\/wp-json\/wp\/v2\/posts\/44877\/revisions"}],"predecessor-version":[{"id":44879,"href":"https:\/\/sindenfermeiro.com.br\/index.php\/wp-json\/wp\/v2\/posts\/44877\/revisions\/44879"}],"wp:featuredmedia":[{"embeddable":true,"href":"https:\/\/sindenfermeiro.com.br\/index.php\/wp-json\/wp\/v2\/media\/44878"}],"wp:attachment":[{"href":"https:\/\/sindenfermeiro.com.br\/index.php\/wp-json\/wp\/v2\/media?parent=44877"}],"wp:term":[{"taxonomy":"category","embeddable":true,"href":"https:\/\/sindenfermeiro.com.br\/index.php\/wp-json\/wp\/v2\/categories?post=44877"},{"taxonomy":"post_tag","embeddable":true,"href":"https:\/\/sindenfermeiro.com.br\/index.php\/wp-json\/wp\/v2\/tags?post=44877"}],"curies":[{"name":"wp","href":"https:\/\/api.w.org\/{rel}","templated":true}]}}