{"id":44863,"date":"2024-10-07T16:38:38","date_gmt":"2024-10-07T19:38:38","guid":{"rendered":"https:\/\/sindenfermeiro.com.br\/?p=44863"},"modified":"2026-04-29T08:10:28","modified_gmt":"2026-04-29T11:10:28","slug":"enfermeiros-da-rede-privada-recusam-proposta-de-complementacao-do-piso","status":"publish","type":"post","link":"https:\/\/sindenfermeiro.com.br\/index.php\/2024\/10\/07\/enfermeiros-da-rede-privada-recusam-proposta-de-complementacao-do-piso\/","title":{"rendered":"Enfermeiros da rede privada recusam proposta de complementa\u00e7\u00e3o do piso"},"content":{"rendered":"<p>No \u00faltimo dia 04 de outubro de 2024, em assembleia da rede privada de sa\u00fade do Distrito Federal, os enfermeiros rejeitaram a contraproposta da Conven\u00e7\u00e3o Coletiva de Trabalho (CCT) apresentada pelo Sindicato Brasiliense de Hospitais, Casas de Sa\u00fade e Cl\u00ednicas (SBH). A categoria, que atua na rede privada de sa\u00fade do DF, definiu uma nova proposta para o pagamento do piso nacional da enfermagem, a ser apresentada \u00e0 entidade patronal.<\/p>\n<p>Durante a assembleia, algumas cl\u00e1usulas da CCT foram aprovadas, enquanto outras foram recusadas parcialmente, com sugest\u00f5es de modifica\u00e7\u00f5es.<\/p>\n<p>Os enfermeiros reafirmam sua disposi\u00e7\u00e3o para o di\u00e1logo e a constru\u00e7\u00e3o de uma conven\u00e7\u00e3o que realmente atenda aos anseios e necessidades da categoria.<\/p>\n","protected":false},"excerpt":{"rendered":"<p>No \u00faltimo dia 04 de outubro de 2024, em assembleia da rede privada de sa\u00fade do Distrito Federal, os enfermeiros rejeitaram a contraproposta da Conven\u00e7\u00e3o Coletiva de Trabalho (CCT) apresentada pelo Sindicato Brasiliense de Hospitais, Casas de Sa\u00fade e Cl\u00ednicas (SBH). A categoria, que atua na rede privada de sa\u00fade do DF, definiu uma nova [&hellip;]<\/p>\n","protected":false},"author":6,"featured_media":44864,"comment_status":"open","ping_status":"open","sticky":false,"template":"","format":"standard","meta":{"footnotes":""},"categories":[6],"tags":[],"class_list":["post-44863","post","type-post","status-publish","format-standard","has-post-thumbnail","hentry","category-noticias"],"_links":{"self":[{"href":"https:\/\/sindenfermeiro.com.br\/index.php\/wp-json\/wp\/v2\/posts\/44863","targetHints":{"allow":["GET"]}}],"collection":[{"href":"https:\/\/sindenfermeiro.com.br\/index.php\/wp-json\/wp\/v2\/posts"}],"about":[{"href":"https:\/\/sindenfermeiro.com.br\/index.php\/wp-json\/wp\/v2\/types\/post"}],"author":[{"embeddable":true,"href":"https:\/\/sindenfermeiro.com.br\/index.php\/wp-json\/wp\/v2\/users\/6"}],"replies":[{"embeddable":true,"href":"https:\/\/sindenfermeiro.com.br\/index.php\/wp-json\/wp\/v2\/comments?post=44863"}],"version-history":[{"count":2,"href":"https:\/\/sindenfermeiro.com.br\/index.php\/wp-json\/wp\/v2\/posts\/44863\/revisions"}],"predecessor-version":[{"id":44866,"href":"https:\/\/sindenfermeiro.com.br\/index.php\/wp-json\/wp\/v2\/posts\/44863\/revisions\/44866"}],"wp:featuredmedia":[{"embeddable":true,"href":"https:\/\/sindenfermeiro.com.br\/index.php\/wp-json\/wp\/v2\/media\/44864"}],"wp:attachment":[{"href":"https:\/\/sindenfermeiro.com.br\/index.php\/wp-json\/wp\/v2\/media?parent=44863"}],"wp:term":[{"taxonomy":"category","embeddable":true,"href":"https:\/\/sindenfermeiro.com.br\/index.php\/wp-json\/wp\/v2\/categories?post=44863"},{"taxonomy":"post_tag","embeddable":true,"href":"https:\/\/sindenfermeiro.com.br\/index.php\/wp-json\/wp\/v2\/tags?post=44863"}],"curies":[{"name":"wp","href":"https:\/\/api.w.org\/{rel}","templated":true}]}}