{"id":44844,"date":"2024-10-02T10:14:20","date_gmt":"2024-10-02T13:14:20","guid":{"rendered":"https:\/\/sindenfermeiro.com.br\/?p=44844"},"modified":"2026-04-29T08:08:26","modified_gmt":"2026-04-29T11:08:26","slug":"44844","status":"publish","type":"post","link":"https:\/\/sindenfermeiro.com.br\/index.php\/2024\/10\/02\/44844\/","title":{"rendered":"SindEnfermeiro-DF promover\u00e1 assembleia com os enfermeiros que atuam na rede privada de sa\u00fade"},"content":{"rendered":"<p>Na pr\u00f3xima sexta-feira (04), a partir das 11 horas (primeira chamada), o SindEnfermeiro-DF vai realizar assembleia com os enfermeiros que atuam na rede privada de sa\u00fade do DF para tratar da contraproposta de conven\u00e7\u00e3o coletiva enviada pelo Sindicato Brasiliense de Hospitais, Casas de Sa\u00fade e Cl\u00ednicas (SBH).<\/p>\n<p>A assembleia ser\u00e1 realizada por meio virtual, atrav\u00e9s da plataforma Zoom. Participe!<\/p>\n<p>\ud83d\udcc5 04 de outubro (sexta-feira)<br \/>\n\u23f0 11 horas (primeira chamada)<br \/>\n\ud83d\udccd <a href=\"https:\/\/us02web.zoom.us\/j\/89388775807\">Virtual, por meio da plataforma Zoom<\/a>: <a href=\"https:\/\/us02web.zoom.us\/j\/89388775807\">https:\/\/us02web.zoom.us\/j\/89388775807<\/a><\/p>\n<p><img loading=\"lazy\" decoding=\"async\" class=\"wp-image-44845 aligncenter\" src=\"https:\/\/sindenfermeiro.com.br\/wp-content\/uploads\/2024\/10\/WhatsApp-Image-2024-10-01-at-16.22.14-300x300.jpeg\" alt=\"\" width=\"477\" height=\"477\" srcset=\"https:\/\/sindenfermeiro.com.br\/wp-content\/uploads\/2024\/10\/WhatsApp-Image-2024-10-01-at-16.22.14-300x300.jpeg 300w, https:\/\/sindenfermeiro.com.br\/wp-content\/uploads\/2024\/10\/WhatsApp-Image-2024-10-01-at-16.22.14-1024x1024.jpeg 1024w, https:\/\/sindenfermeiro.com.br\/wp-content\/uploads\/2024\/10\/WhatsApp-Image-2024-10-01-at-16.22.14-150x150.jpeg 150w, https:\/\/sindenfermeiro.com.br\/wp-content\/uploads\/2024\/10\/WhatsApp-Image-2024-10-01-at-16.22.14-768x768.jpeg 768w, https:\/\/sindenfermeiro.com.br\/wp-content\/uploads\/2024\/10\/WhatsApp-Image-2024-10-01-at-16.22.14.jpeg 1080w\" sizes=\"auto, (max-width: 477px) 100vw, 477px\" \/><\/p>\n","protected":false},"excerpt":{"rendered":"<p>Na pr\u00f3xima sexta-feira (04), a partir das 11 horas (primeira chamada), o SindEnfermeiro-DF vai realizar assembleia com os enfermeiros que atuam na rede privada de sa\u00fade do DF para tratar da contraproposta de conven\u00e7\u00e3o coletiva enviada pelo Sindicato Brasiliense de Hospitais, Casas de Sa\u00fade e Cl\u00ednicas (SBH). A assembleia ser\u00e1 realizada por meio virtual, atrav\u00e9s [&hellip;]<\/p>\n","protected":false},"author":6,"featured_media":44854,"comment_status":"open","ping_status":"open","sticky":false,"template":"","format":"standard","meta":{"footnotes":""},"categories":[6],"tags":[],"class_list":["post-44844","post","type-post","status-publish","format-standard","has-post-thumbnail","hentry","category-noticias"],"_links":{"self":[{"href":"https:\/\/sindenfermeiro.com.br\/index.php\/wp-json\/wp\/v2\/posts\/44844","targetHints":{"allow":["GET"]}}],"collection":[{"href":"https:\/\/sindenfermeiro.com.br\/index.php\/wp-json\/wp\/v2\/posts"}],"about":[{"href":"https:\/\/sindenfermeiro.com.br\/index.php\/wp-json\/wp\/v2\/types\/post"}],"author":[{"embeddable":true,"href":"https:\/\/sindenfermeiro.com.br\/index.php\/wp-json\/wp\/v2\/users\/6"}],"replies":[{"embeddable":true,"href":"https:\/\/sindenfermeiro.com.br\/index.php\/wp-json\/wp\/v2\/comments?post=44844"}],"version-history":[{"count":4,"href":"https:\/\/sindenfermeiro.com.br\/index.php\/wp-json\/wp\/v2\/posts\/44844\/revisions"}],"predecessor-version":[{"id":44858,"href":"https:\/\/sindenfermeiro.com.br\/index.php\/wp-json\/wp\/v2\/posts\/44844\/revisions\/44858"}],"wp:featuredmedia":[{"embeddable":true,"href":"https:\/\/sindenfermeiro.com.br\/index.php\/wp-json\/wp\/v2\/media\/44854"}],"wp:attachment":[{"href":"https:\/\/sindenfermeiro.com.br\/index.php\/wp-json\/wp\/v2\/media?parent=44844"}],"wp:term":[{"taxonomy":"category","embeddable":true,"href":"https:\/\/sindenfermeiro.com.br\/index.php\/wp-json\/wp\/v2\/categories?post=44844"},{"taxonomy":"post_tag","embeddable":true,"href":"https:\/\/sindenfermeiro.com.br\/index.php\/wp-json\/wp\/v2\/tags?post=44844"}],"curies":[{"name":"wp","href":"https:\/\/api.w.org\/{rel}","templated":true}]}}