{"id":44834,"date":"2024-09-04T16:21:37","date_gmt":"2024-09-04T19:21:37","guid":{"rendered":"https:\/\/sindenfermeiro.com.br\/?p=44834"},"modified":"2026-05-01T05:40:19","modified_gmt":"2026-05-01T08:40:19","slug":"enfermeiros-decidem-manter-estado-de-greve-e-paralisacao-para-o-dia-10-de-setembro","status":"publish","type":"post","link":"https:\/\/sindenfermeiro.com.br\/index.php\/2024\/09\/04\/enfermeiros-decidem-manter-estado-de-greve-e-paralisacao-para-o-dia-10-de-setembro\/","title":{"rendered":"Enfermeiros decidem manter Estado de Greve e paralisa\u00e7\u00e3o para o dia 10 de setembro"},"content":{"rendered":"<p>Em assembleia realizada na tarde de ter\u00e7a-feira (3), com mais de 700 enfermeiros, a categoria decidiu manter o estado de greve em busca da conquista pela Isonomia Salarial.<\/p>\n<p>Foi deliberada nova paralisa\u00e7\u00e3o dos enfermeiros da SES-DF, de 24h, com in\u00edcio \u00e0s 7h da manh\u00e3 do dia 10\/09.<\/p>\n<p>Para o ato, a concentra\u00e7\u00e3o ser\u00e1 em frente \u00e0 sede da C\u00e2mara Legislativa, a partir das 10h da manh\u00e3, e assembleia \u00e0s 14h, para delibera\u00e7\u00e3o dos pr\u00f3ximos passos do movimento.<\/p>\n<p>O presidente do Sindicato dos Enfermeiros, Jorge Henrique de Sousa, informou que, ontem, durante a mobiliza\u00e7\u00e3o da categoria, se reuniu com a secret\u00e1ria de Sa\u00fade, Lucilene Flor\u00eancio, que vai promover um encontro com o secret\u00e1rio de Economia, Ney Ferraz, e com o secret\u00e1rio da Casa Civil, Gustavo Rocha, para discutir a isonomia salarial, considerando que os Enfermeiros s\u00e3o os que mais produzem na sa\u00fade p\u00fablica do DF. Al\u00e9m disso, na pr\u00f3xima ter\u00e7a-feira, haver\u00e1 um encontro com a vice-governadora, Celina Le\u00e3o.<\/p>\n<p>Para Jorge, &#8220;as sinaliza\u00e7\u00f5es recentes por parte do governo s\u00e3o um indicativo de que a nossa press\u00e3o est\u00e1 surtindo efeito. Recuar n\u00e3o ser\u00e1 uma op\u00e7\u00e3o, e os enfermeiros da SES v\u00e3o continuar mobilizados e fazendo barulho at\u00e9 que a nossa isonomia salarial se transforme em realidade&#8221;<\/p>\n<p>&nbsp;<\/p>\n<p><em><span style=\"font-size: 10pt\">Por Camila Piacesi<\/span><\/em><\/p>\n","protected":false},"excerpt":{"rendered":"<p>Em assembleia realizada na tarde de ter\u00e7a-feira (3), com mais de 700 enfermeiros, a categoria decidiu manter o estado de greve em busca da conquista pela Isonomia Salarial. Foi deliberada nova paralisa\u00e7\u00e3o dos enfermeiros da SES-DF, de 24h, com in\u00edcio \u00e0s 7h da manh\u00e3 do dia 10\/09. Para o ato, a concentra\u00e7\u00e3o ser\u00e1 em frente [&hellip;]<\/p>\n","protected":false},"author":6,"featured_media":44835,"comment_status":"open","ping_status":"open","sticky":false,"template":"","format":"standard","meta":{"footnotes":""},"categories":[6],"tags":[],"class_list":["post-44834","post","type-post","status-publish","format-standard","has-post-thumbnail","hentry","category-noticias"],"_links":{"self":[{"href":"https:\/\/sindenfermeiro.com.br\/index.php\/wp-json\/wp\/v2\/posts\/44834","targetHints":{"allow":["GET"]}}],"collection":[{"href":"https:\/\/sindenfermeiro.com.br\/index.php\/wp-json\/wp\/v2\/posts"}],"about":[{"href":"https:\/\/sindenfermeiro.com.br\/index.php\/wp-json\/wp\/v2\/types\/post"}],"author":[{"embeddable":true,"href":"https:\/\/sindenfermeiro.com.br\/index.php\/wp-json\/wp\/v2\/users\/6"}],"replies":[{"embeddable":true,"href":"https:\/\/sindenfermeiro.com.br\/index.php\/wp-json\/wp\/v2\/comments?post=44834"}],"version-history":[{"count":3,"href":"https:\/\/sindenfermeiro.com.br\/index.php\/wp-json\/wp\/v2\/posts\/44834\/revisions"}],"predecessor-version":[{"id":44838,"href":"https:\/\/sindenfermeiro.com.br\/index.php\/wp-json\/wp\/v2\/posts\/44834\/revisions\/44838"}],"wp:featuredmedia":[{"embeddable":true,"href":"https:\/\/sindenfermeiro.com.br\/index.php\/wp-json\/wp\/v2\/media\/44835"}],"wp:attachment":[{"href":"https:\/\/sindenfermeiro.com.br\/index.php\/wp-json\/wp\/v2\/media?parent=44834"}],"wp:term":[{"taxonomy":"category","embeddable":true,"href":"https:\/\/sindenfermeiro.com.br\/index.php\/wp-json\/wp\/v2\/categories?post=44834"},{"taxonomy":"post_tag","embeddable":true,"href":"https:\/\/sindenfermeiro.com.br\/index.php\/wp-json\/wp\/v2\/tags?post=44834"}],"curies":[{"name":"wp","href":"https:\/\/api.w.org\/{rel}","templated":true}]}}