{"id":44830,"date":"2024-08-29T17:34:30","date_gmt":"2024-08-29T20:34:30","guid":{"rendered":"https:\/\/sindenfermeiro.com.br\/?p=44830"},"modified":"2026-04-26T11:02:53","modified_gmt":"2026-04-26T14:02:53","slug":"em-dia-movimentado-no-po-700-enfermeiros-vao-a-ses-lutar-pela-isonomia-enquanto-iges-recebe-visita-da-policia-por-suspeitas-de-corrupcao","status":"publish","type":"post","link":"https:\/\/sindenfermeiro.com.br\/index.php\/2024\/08\/29\/em-dia-movimentado-no-po-700-enfermeiros-vao-a-ses-lutar-pela-isonomia-enquanto-iges-recebe-visita-da-policia-por-suspeitas-de-corrupcao\/","title":{"rendered":"Em dia movimentado no PO 700, enfermeiros v\u00e3o \u00e0 SES lutar pela Isonomia enquanto IGES recebe visita da pol\u00edcia por suspeitas de corrup\u00e7\u00e3o"},"content":{"rendered":"<div id=\"attachment_44831\" style=\"width: 639px\" class=\"wp-caption aligncenter\"><img loading=\"lazy\" decoding=\"async\" aria-describedby=\"caption-attachment-44831\" class=\"wp-image-44831 \" src=\"https:\/\/sindenfermeiro.com.br\/wp-content\/uploads\/2024\/08\/IMG_1881-scaled.jpg\" alt=\"\" width=\"629\" height=\"419\" srcset=\"https:\/\/sindenfermeiro.com.br\/wp-content\/uploads\/2024\/08\/IMG_1881-scaled.jpg 2560w, https:\/\/sindenfermeiro.com.br\/wp-content\/uploads\/2024\/08\/IMG_1881-300x200.jpg 300w, https:\/\/sindenfermeiro.com.br\/wp-content\/uploads\/2024\/08\/IMG_1881-1024x683.jpg 1024w, https:\/\/sindenfermeiro.com.br\/wp-content\/uploads\/2024\/08\/IMG_1881-768x512.jpg 768w, https:\/\/sindenfermeiro.com.br\/wp-content\/uploads\/2024\/08\/IMG_1881-1536x1024.jpg 1536w, https:\/\/sindenfermeiro.com.br\/wp-content\/uploads\/2024\/08\/IMG_1881-2048x1365.jpg 2048w\" sizes=\"auto, (max-width: 629px) 100vw, 629px\" \/><p id=\"caption-attachment-44831\" class=\"wp-caption-text\">Enfermeiros protestam pela Isonomia Salarial em frente \u00e0 sede da Secretaria de Sa\u00fade. Foto: Pedro Vin\u00edcius\/ASCOM SindEnfermeiro<\/p><\/div>\n<p>Desde a cria\u00e7\u00e3o do IGES-DF, no j\u00e1 distante ano de 2018, o Sindicato dos Enfermeiros do DF e sua gest\u00e3o se posicionavam claramente contra sua exist\u00eancia, e alertavam que o instituto se tornaria uma porta aberta para a corrup\u00e7\u00e3o e o desperd\u00edcio de verbas p\u00fablicas na sa\u00fade do DF. Passados seis anos, o aviso n\u00e3o s\u00f3 se cumpriu como se tornou rotina.<\/p>\n<p>Desde ontem (28), o IGES est\u00e1 novamente nas p\u00e1ginas policiais &#8211; agora por conta de irregularidades nos contratos de fornecimento da alimenta\u00e7\u00e3o nas unidades administradas pelo instituto. Segundo a Pol\u00edcia Civil do Distrito Federal (PCDF), os empres\u00e1rios pagaram propina para que os servidores p\u00fablicos renovassem o contrato at\u00e9 julho de 2025 com um valor ainda mais alto que o anterior, ultrapassando mais de R$ 300 milh\u00f5es. O valor \u00e9 cerca de um ter\u00e7o dos R$ 1 bilh\u00e3o cedidos pelo GDF ao instituto somente na \u00faltima LDO, aprovada em maio deste ano.<\/p>\n<p>S\u00e3o recursos desperdi\u00e7ados e que poderiam estar sendo aplicados na valoriza\u00e7\u00e3o salarial dos enfermeiros que foram \u00e0s ruas ontem (28) lutar pela Isonomia, em frente \u00e0 sede da Secretaria de Sa\u00fade. E por coincid\u00eancia, o ato ocorreu no mesmo instante em que a pol\u00edcia fazia buscas na sede do instituto &#8211; localizado no mesmo edif\u00edcio.<\/p>\n<p>O mais assustador disso tudo, \u00e9 que em meio a tantos esc\u00e2ndalos de corrup\u00e7\u00e3o o Instituto segue em expans\u00e3o. Um dia antes, em 27 de agosto, o IGES foi &#8220;presenteado&#8221; pela C\u00e2mara Legislativa com a gest\u00e3o definitiva do Hospital do Sol (HSol), em mais um movimento do atual governo rumo \u00e0 entrega total do servi\u00e7o p\u00fablico por cifras milion\u00e1rias a amigos, empres\u00e1rios e apadrinhados pol\u00edticos.<\/p>\n<p>\u00c9 no m\u00ednimo question\u00e1vel que o IGES receba tantos repasses enquanto os servidores da Secretaria de Sa\u00fade do DF, especialmente aqueles que atuam na Aten\u00e7\u00e3o B\u00e1sica, sofrem com a falta de infraestrutura, com espa\u00e7o f\u00edsico inadequado para a realiza\u00e7\u00e3o de atividades, falta de insumos, um insuficiente sistema informatizado de dados, falta de equipamentos e falta de seguran\u00e7a para os servidores.<\/p>\n<p>E uma das consequ\u00eancias mais cru\u00e9is dessa terceiriza\u00e7\u00e3o \u00e9 a fragmenta\u00e7\u00e3o da rede assistencial, que j\u00e1 est\u00e1 comprometendo o sistema de refer\u00eancia e contrarrefer\u00eancia no funcionamento das UPAs e UBSs. N\u00e3o s\u00e3o poucos os casos de pacientes que relatam terem sido classificados com bandeira amarela e at\u00e9 mesmo laranja, e tiveram o atendimento direcionado para uma unidade b\u00e1sica &#8211; que n\u00e3o deve receber atendimentos de urg\u00eancia e emerg\u00eancia.<\/p>\n<p>Em seis anos de exist\u00eancia, e tendo consumido bilh\u00f5es em recursos p\u00fablicos, o IGES prova novamente que n\u00e3o \u00e9 capaz de entregar um servi\u00e7o de excel\u00eancia para a popula\u00e7\u00e3o. Por isso, a luta contra a terceiriza\u00e7\u00e3o e os danos causados pela mesma s\u00e3o pautas que precisam voltar ao centro do debate pol\u00edtico\u00a0com\u00a0urg\u00eancia.<\/p>\n","protected":false},"excerpt":{"rendered":"<p>Desde a cria\u00e7\u00e3o do IGES-DF, no j\u00e1 distante ano de 2018, o Sindicato dos Enfermeiros do DF e sua gest\u00e3o se posicionavam claramente contra sua exist\u00eancia, e alertavam que o instituto se tornaria uma porta aberta para a corrup\u00e7\u00e3o e o desperd\u00edcio de verbas p\u00fablicas na sa\u00fade do DF. Passados seis anos, o aviso n\u00e3o [&hellip;]<\/p>\n","protected":false},"author":6,"featured_media":44831,"comment_status":"open","ping_status":"open","sticky":false,"template":"","format":"standard","meta":{"footnotes":""},"categories":[6,5],"tags":[84,310,102,43,21,271],"class_list":["post-44830","post","type-post","status-publish","format-standard","has-post-thumbnail","hentry","category-noticias","category-rede-publica","tag-df","tag-iges","tag-isonomia","tag-saude","tag-sindenfermeiro","tag-terceirizacao"],"_links":{"self":[{"href":"https:\/\/sindenfermeiro.com.br\/index.php\/wp-json\/wp\/v2\/posts\/44830","targetHints":{"allow":["GET"]}}],"collection":[{"href":"https:\/\/sindenfermeiro.com.br\/index.php\/wp-json\/wp\/v2\/posts"}],"about":[{"href":"https:\/\/sindenfermeiro.com.br\/index.php\/wp-json\/wp\/v2\/types\/post"}],"author":[{"embeddable":true,"href":"https:\/\/sindenfermeiro.com.br\/index.php\/wp-json\/wp\/v2\/users\/6"}],"replies":[{"embeddable":true,"href":"https:\/\/sindenfermeiro.com.br\/index.php\/wp-json\/wp\/v2\/comments?post=44830"}],"version-history":[{"count":1,"href":"https:\/\/sindenfermeiro.com.br\/index.php\/wp-json\/wp\/v2\/posts\/44830\/revisions"}],"predecessor-version":[{"id":44832,"href":"https:\/\/sindenfermeiro.com.br\/index.php\/wp-json\/wp\/v2\/posts\/44830\/revisions\/44832"}],"wp:featuredmedia":[{"embeddable":true,"href":"https:\/\/sindenfermeiro.com.br\/index.php\/wp-json\/wp\/v2\/media\/44831"}],"wp:attachment":[{"href":"https:\/\/sindenfermeiro.com.br\/index.php\/wp-json\/wp\/v2\/media?parent=44830"}],"wp:term":[{"taxonomy":"category","embeddable":true,"href":"https:\/\/sindenfermeiro.com.br\/index.php\/wp-json\/wp\/v2\/categories?post=44830"},{"taxonomy":"post_tag","embeddable":true,"href":"https:\/\/sindenfermeiro.com.br\/index.php\/wp-json\/wp\/v2\/tags?post=44830"}],"curies":[{"name":"wp","href":"https:\/\/api.w.org\/{rel}","templated":true}]}}