{"id":44827,"date":"2024-08-29T17:08:07","date_gmt":"2024-08-29T20:08:07","guid":{"rendered":"https:\/\/sindenfermeiro.com.br\/?p=44827"},"modified":"2026-04-29T09:20:35","modified_gmt":"2026-04-29T12:20:35","slug":"enfermeiros-decretam-estado-de-greve-e-nova-paralisacao-dia-3-de-setembro","status":"publish","type":"post","link":"https:\/\/sindenfermeiro.com.br\/index.php\/2024\/08\/29\/enfermeiros-decretam-estado-de-greve-e-nova-paralisacao-dia-3-de-setembro\/","title":{"rendered":"Enfermeiros decretam estado de greve e nova paralisa\u00e7\u00e3o dia 3 de setembro"},"content":{"rendered":"<p>Em assembleia realizada em frente \u00e0 C\u00e2mara Legislativa, na quarta-feira, dia 28, os enfermeiros decidiram, por ampla maioria, entrar em estado de greve at\u00e9 a pr\u00f3xima ter\u00e7a-feira, dia 3 de setembro, e realizar nova assembleia a partir das 14 horas, no mesmo local, com nova paralisa\u00e7\u00e3o de 12 horas da categoria.<\/p>\n<p>A decis\u00e3o ocorreu ap\u00f3s uma paralisa\u00e7\u00e3o de 12 horas da categoria que contou com uma marcha do Edif\u00edcio PO 700, sede da Secretaria de Sa\u00fade, at\u00e9 a C\u00e2mara Legislativa do DF, com a presen\u00e7a de mais de mil enfermeiros na luta pela isonomia salarial.<\/p>\n<p>A vota\u00e7\u00e3o que aprovou o fim da greve de 12 horas, por ampla maioria, a fim de deixar para o dia 3 uma nova decis\u00e3o, tem a finalidade de pressionar o governo para uma abertura de negocia\u00e7\u00e3o com a categoria.<\/p>\n<p>Nos discursos realizados em frente \u00e0 C\u00e2mara Legislativa, os enfermeiros destacaram os desafios que enfrentam, como o d\u00e9ficit de profissionais, a alta produtividade, e a crescente diferen\u00e7a salarial, que hoje chega a R$ 5 mil, um aumento significativo em rela\u00e7\u00e3o aos R$ 800 registrados em 2013.<\/p>\n<p>De acordo com dados do Info Sa\u00fade de 2023, painel da Secretaria de Sa\u00fade, os enfermeiros lideraram o n\u00famero de consultas de pr\u00e9-natal. Nos primeiros seis meses de 2024, tamb\u00e9m foram recordistas em atendimentos gerais, com um milh\u00e3o e oitocentos mil atendimentos. J\u00e1 na Aten\u00e7\u00e3o Prim\u00e1ria \u00e0 Sa\u00fade (APS) tamb\u00e9m ganharam primeiro lugar no ranking, foram mais de um milh\u00e3o e duzentos mil atendimentos.<\/p>\n<p>Al\u00e9m disso, os enfermeiros ampliaram o acesso ao Dispositivo Ultra Interino (DIU) em 38,7% no segundo semestre de 2023 e realizaram mais de 6 mil partos normais no DF no ano passado.<\/p>\n<p>O clima na assembleia foi de uni\u00e3o e determina\u00e7\u00e3o. Os participantes reafirmaram a necessidade de manter a mobiliza\u00e7\u00e3o em torno da isonomia salarial. A categoria foi convocada a comparecer em peso \u00e0 assembleia do dia 3 de setembro, quando uma nova paralisa\u00e7\u00e3o de 12 horas ser\u00e1 realizada para decidir os rumos do movimento.<\/p>\n","protected":false},"excerpt":{"rendered":"<p>Em assembleia realizada em frente \u00e0 C\u00e2mara Legislativa, na quarta-feira, dia 28, os enfermeiros decidiram, por ampla maioria, entrar em estado de greve at\u00e9 a pr\u00f3xima ter\u00e7a-feira, dia 3 de setembro, e realizar nova assembleia a partir das 14 horas, no mesmo local, com nova paralisa\u00e7\u00e3o de 12 horas da categoria. A decis\u00e3o ocorreu ap\u00f3s [&hellip;]<\/p>\n","protected":false},"author":6,"featured_media":44828,"comment_status":"open","ping_status":"open","sticky":false,"template":"","format":"standard","meta":{"footnotes":""},"categories":[6],"tags":[],"class_list":["post-44827","post","type-post","status-publish","format-standard","has-post-thumbnail","hentry","category-noticias"],"_links":{"self":[{"href":"https:\/\/sindenfermeiro.com.br\/index.php\/wp-json\/wp\/v2\/posts\/44827","targetHints":{"allow":["GET"]}}],"collection":[{"href":"https:\/\/sindenfermeiro.com.br\/index.php\/wp-json\/wp\/v2\/posts"}],"about":[{"href":"https:\/\/sindenfermeiro.com.br\/index.php\/wp-json\/wp\/v2\/types\/post"}],"author":[{"embeddable":true,"href":"https:\/\/sindenfermeiro.com.br\/index.php\/wp-json\/wp\/v2\/users\/6"}],"replies":[{"embeddable":true,"href":"https:\/\/sindenfermeiro.com.br\/index.php\/wp-json\/wp\/v2\/comments?post=44827"}],"version-history":[{"count":2,"href":"https:\/\/sindenfermeiro.com.br\/index.php\/wp-json\/wp\/v2\/posts\/44827\/revisions"}],"predecessor-version":[{"id":44833,"href":"https:\/\/sindenfermeiro.com.br\/index.php\/wp-json\/wp\/v2\/posts\/44827\/revisions\/44833"}],"wp:featuredmedia":[{"embeddable":true,"href":"https:\/\/sindenfermeiro.com.br\/index.php\/wp-json\/wp\/v2\/media\/44828"}],"wp:attachment":[{"href":"https:\/\/sindenfermeiro.com.br\/index.php\/wp-json\/wp\/v2\/media?parent=44827"}],"wp:term":[{"taxonomy":"category","embeddable":true,"href":"https:\/\/sindenfermeiro.com.br\/index.php\/wp-json\/wp\/v2\/categories?post=44827"},{"taxonomy":"post_tag","embeddable":true,"href":"https:\/\/sindenfermeiro.com.br\/index.php\/wp-json\/wp\/v2\/tags?post=44827"}],"curies":[{"name":"wp","href":"https:\/\/api.w.org\/{rel}","templated":true}]}}