{"id":44821,"date":"2024-08-22T11:19:53","date_gmt":"2024-08-22T14:19:53","guid":{"rendered":"https:\/\/sindenfermeiro.com.br\/?p=44821"},"modified":"2026-04-29T09:24:12","modified_gmt":"2026-04-29T12:24:12","slug":"enfermeiros-vao-cruzar-os-bracos-por-12-horas-de-luta-pela-isonomia-salarial","status":"publish","type":"post","link":"https:\/\/sindenfermeiro.com.br\/index.php\/2024\/08\/22\/enfermeiros-vao-cruzar-os-bracos-por-12-horas-de-luta-pela-isonomia-salarial\/","title":{"rendered":"Enfermeiros v\u00e3o cruzar os bra\u00e7os por 12 horas de luta pela isonomia salarial"},"content":{"rendered":"<p><img loading=\"lazy\" decoding=\"async\" class=\" wp-image-44823 aligncenter\" src=\"https:\/\/sindenfermeiro.com.br\/wp-content\/uploads\/2024\/08\/IMG_0847-300x200.jpg\" alt=\"\" width=\"455\" height=\"303\" srcset=\"https:\/\/sindenfermeiro.com.br\/wp-content\/uploads\/2024\/08\/IMG_0847-300x200.jpg 300w, https:\/\/sindenfermeiro.com.br\/wp-content\/uploads\/2024\/08\/IMG_0847-1024x683.jpg 1024w, https:\/\/sindenfermeiro.com.br\/wp-content\/uploads\/2024\/08\/IMG_0847-768x512.jpg 768w, https:\/\/sindenfermeiro.com.br\/wp-content\/uploads\/2024\/08\/IMG_0847-1536x1024.jpg 1536w, https:\/\/sindenfermeiro.com.br\/wp-content\/uploads\/2024\/08\/IMG_0847-2048x1365.jpg 2048w\" sizes=\"auto, (max-width: 455px) 100vw, 455px\" \/><\/p>\n<p>&nbsp;<\/p>\n<p>Os enfermeiros do Sistema \u00danico de Sa\u00fade (SUS) do Distrito Federal v\u00e3o paralisar suas atividades durante 12 horas no dia 28 de agosto, de 7 horas da manh\u00e3 at\u00e9 \u00e0s 19 horas.<\/p>\n<p>A paralisa\u00e7\u00e3o visa sensibilizar o Governo do Distrito Federal para implementar a isonomia salarial e a reestrutura\u00e7\u00e3o do plano de carreira dos enfermeiros do SUS. Durante o dia haver\u00e1 assembleia para definir o rumo das lutas da categoria.<\/p>\n<p>Logo pela manh\u00e3, a partir das 9 horas, ocorrer\u00e1 um ato na sede da Secretaria de Sa\u00fade do DF, que fica no Edif\u00edcio Paulo Octavio 700. Em seguida haver\u00e1 uma marcha at\u00e9 \u00e0 C\u00e2mara Legislativa, com uma parada na Pra\u00e7a do Buriti, em frente ao Pal\u00e1cio do Buriti.<\/p>\n<p>A paralisa\u00e7\u00e3o faz parte da campanha intitulada \u201cQuem produz mais, n\u00e3o merece menos\u201d, que mostra a elevada carga de trabalho dos enfermeiros em seus locais de trabalho.<\/p>\n<p>De acordo com dados do Info Sa\u00fade de 2023, painel da Secretaria de Sa\u00fade, os enfermeiros lideraram o n\u00famero de consultas de pr\u00e9-natal. Nos primeiros seis meses de 2024, tamb\u00e9m foram recordistas em atendimentos gerais, com um milh\u00e3o e oitocentos mil atendimentos. J\u00e1 na Aten\u00e7\u00e3o Prim\u00e1ria \u00e0 Sa\u00fade (APS) tamb\u00e9m ganharam primeiro lugar no ranking, foram mais de um milh\u00e3o e duzentos mil atendimentos.<\/p>\n<p>Al\u00e9m disso, os enfermeiros ampliaram o acesso ao Dispositivo Ultra Interino (DIU) em 38,7% no segundo semestre de 2023 e realizaram mais de 6 mil partos normais no DF no ano passado.<\/p>\n<p>Para o presidente do SindEnfermeiro, Jorge Henrique de Sousa, o protagonismo dos enfermeiros cresceu muito, e cresce a cada dia, por isso \u00e9 justo que a remunera\u00e7\u00e3o acompanhe este aumento de responsabilidades e a import\u00e2ncia da profiss\u00e3o.<\/p>\n<p>A categoria vai aproveitar a paralisa\u00e7\u00e3o para denunciar o aumento da viol\u00eancia institucional e o ass\u00e9dio no trabalho. Outros problemas a serem denunciados permeia o d\u00e9ficit de servidores na sa\u00fade, as p\u00e9ssimas condi\u00e7\u00f5es de trabalho em algumas unidades, a falta de insumos e de diversos materiais e as p\u00e9ssimas gest\u00f5es nas unidades de sa\u00fade.<\/p>\n<p>O impacto dessas condi\u00e7\u00f5es \u00e9 refletido na sa\u00fade mental dos enfermeiros, com um aumento significativo de problemas psicol\u00f3gicos relatados entre os profissionais, que ser\u00e1 lembrado no dia 28.<\/p>\n<p>Segundo dados da pasta de Sa\u00fade, os enfermeiros representam 16,82% de todas as licen\u00e7as apresentadas ao \u00f3rg\u00e3o em 2022, sendo a maioria dos atestados m\u00e9dicos referentes \u00e0 ansiedade, estresse e outros dist\u00farbios mentais.<\/p>\n<p>Com mais esta paralisa\u00e7\u00e3o, o Sindicato alerta \u00e0s autoridades para a necessidade urgente de uma resposta que satisfa\u00e7a financeiramente a categoria, capaz de corrigir a disparidade salarial e reconhecer o papel essencial dos enfermeiros no Sistema \u00danico de Sa\u00fade.<\/p>\n<p>&nbsp;<\/p>\n<p><span style=\"font-size: 10pt\"><em>Por Camila Piacesi<\/em><\/span><\/p>\n","protected":false},"excerpt":{"rendered":"<p>&nbsp; Os enfermeiros do Sistema \u00danico de Sa\u00fade (SUS) do Distrito Federal v\u00e3o paralisar suas atividades durante 12 horas no dia 28 de agosto, de 7 horas da manh\u00e3 at\u00e9 \u00e0s 19 horas. A paralisa\u00e7\u00e3o visa sensibilizar o Governo do Distrito Federal para implementar a isonomia salarial e a reestrutura\u00e7\u00e3o do plano de carreira dos [&hellip;]<\/p>\n","protected":false},"author":6,"featured_media":44822,"comment_status":"open","ping_status":"open","sticky":false,"template":"","format":"standard","meta":{"footnotes":""},"categories":[6],"tags":[],"class_list":["post-44821","post","type-post","status-publish","format-standard","has-post-thumbnail","hentry","category-noticias"],"_links":{"self":[{"href":"https:\/\/sindenfermeiro.com.br\/index.php\/wp-json\/wp\/v2\/posts\/44821","targetHints":{"allow":["GET"]}}],"collection":[{"href":"https:\/\/sindenfermeiro.com.br\/index.php\/wp-json\/wp\/v2\/posts"}],"about":[{"href":"https:\/\/sindenfermeiro.com.br\/index.php\/wp-json\/wp\/v2\/types\/post"}],"author":[{"embeddable":true,"href":"https:\/\/sindenfermeiro.com.br\/index.php\/wp-json\/wp\/v2\/users\/6"}],"replies":[{"embeddable":true,"href":"https:\/\/sindenfermeiro.com.br\/index.php\/wp-json\/wp\/v2\/comments?post=44821"}],"version-history":[{"count":3,"href":"https:\/\/sindenfermeiro.com.br\/index.php\/wp-json\/wp\/v2\/posts\/44821\/revisions"}],"predecessor-version":[{"id":44826,"href":"https:\/\/sindenfermeiro.com.br\/index.php\/wp-json\/wp\/v2\/posts\/44821\/revisions\/44826"}],"wp:featuredmedia":[{"embeddable":true,"href":"https:\/\/sindenfermeiro.com.br\/index.php\/wp-json\/wp\/v2\/media\/44822"}],"wp:attachment":[{"href":"https:\/\/sindenfermeiro.com.br\/index.php\/wp-json\/wp\/v2\/media?parent=44821"}],"wp:term":[{"taxonomy":"category","embeddable":true,"href":"https:\/\/sindenfermeiro.com.br\/index.php\/wp-json\/wp\/v2\/categories?post=44821"},{"taxonomy":"post_tag","embeddable":true,"href":"https:\/\/sindenfermeiro.com.br\/index.php\/wp-json\/wp\/v2\/tags?post=44821"}],"curies":[{"name":"wp","href":"https:\/\/api.w.org\/{rel}","templated":true}]}}