{"id":44817,"date":"2024-08-20T10:18:05","date_gmt":"2024-08-20T13:18:05","guid":{"rendered":"https:\/\/sindenfermeiro.com.br\/?p=44817"},"modified":"2026-05-01T07:08:41","modified_gmt":"2026-05-01T10:08:41","slug":"opiniao-uma-enfermeira-para-a-reitoria-novos-tempos-para-a-universidade-de-brasilia-unb","status":"publish","type":"post","link":"https:\/\/sindenfermeiro.com.br\/index.php\/2024\/08\/20\/opiniao-uma-enfermeira-para-a-reitoria-novos-tempos-para-a-universidade-de-brasilia-unb\/","title":{"rendered":"[OPINI\u00c3O] Uma enfermeira para a Reitoria: Novos tempos para a Universidade de Bras\u00edlia (UnB)"},"content":{"rendered":"<div id=\"attachment_44818\" style=\"width: 646px\" class=\"wp-caption aligncenter\"><img loading=\"lazy\" decoding=\"async\" aria-describedby=\"caption-attachment-44818\" class=\"wp-image-44818 \" src=\"https:\/\/sindenfermeiro.com.br\/wp-content\/uploads\/2024\/08\/IMG_7209-scaled.jpg\" alt=\"\" width=\"636\" height=\"489\" srcset=\"https:\/\/sindenfermeiro.com.br\/wp-content\/uploads\/2024\/08\/IMG_7209-scaled.jpg 2560w, https:\/\/sindenfermeiro.com.br\/wp-content\/uploads\/2024\/08\/IMG_7209-300x231.jpg 300w, https:\/\/sindenfermeiro.com.br\/wp-content\/uploads\/2024\/08\/IMG_7209-1024x788.jpg 1024w, https:\/\/sindenfermeiro.com.br\/wp-content\/uploads\/2024\/08\/IMG_7209-768x591.jpg 768w, https:\/\/sindenfermeiro.com.br\/wp-content\/uploads\/2024\/08\/IMG_7209-1536x1182.jpg 1536w, https:\/\/sindenfermeiro.com.br\/wp-content\/uploads\/2024\/08\/IMG_7209-2048x1575.jpg 2048w\" sizes=\"auto, (max-width: 636px) 100vw, 636px\" \/><p id=\"caption-attachment-44818\" class=\"wp-caption-text\">Professora F\u00e1tima Sousa recebe t\u00edtulo de Cidad\u00e3 Honor\u00e1ria do DF em cerim\u00f4nia na CLDF. Foto: Pedro Vin\u00edcius\/ASCOM SindEnfermeiro<\/p><\/div>\n<p><strong><em>Texto por L\u00edgia Maria, doutoranda em Sa\u00fade Coletiva da UnB e professora volunt\u00e1ria do Departamento de Sa\u00fade Coletiva, no campus Darcy Ribeiro. <\/em><\/strong><\/p>\n<p>Nos dias 20 e 21 de agosto (hoje e amanh\u00e3), a Universidade de Bras\u00edlia passar\u00e1 pela primeira etapa da consulta p\u00fablica para a escolha das novas educadoras \u00e0 frente da gest\u00e3o, da defesa, da prote\u00e7\u00e3o e da qualifica\u00e7\u00e3o da UnB. Pela primeira vez ap\u00f3s a derrota de Bolsonaro nas urnas, a comunidade acad\u00eamica da quinta melhor institui\u00e7\u00e3o de ensino superior da Am\u00e9rica Latina ter\u00e1 a oportunidade de escolher um projeto democr\u00e1tico, comprometido com a educa\u00e7\u00e3o brasileira e com a forma\u00e7\u00e3o interdisciplinar e equitativa de profissionais construtores das pol\u00edticas p\u00fablicas deste Pa\u00eds.<\/p>\n<p>\u00c9 na Chapa 99 que este projeto de democracia, direitos e dignidade est\u00e1 em sua melhor express\u00e3o. Com a professora F\u00e1tima Sousa, da Faculdade de Sa\u00fade (FS), acompanhada pelo professor Paulo Celso, da Faculdade de Tecnologia (FT), a UnB pode receber novos ventos de cuidado, integra\u00e7\u00e3o e aprimoramento. Al\u00e9m de um programa que expressa o compromisso com a Universidade, com os estudantes, com os t\u00e9cnicos administrativos, com os docentes e com todos os profissionais que comp\u00f5em a comunidade acad\u00eamica, bem como com a popula\u00e7\u00e3o que se integra ao ensino p\u00fablico atrav\u00e9s do trip\u00e9 do ensino, da pesquisa e da extens\u00e3o, existe, na Chapa 99, a possibilidade da identifica\u00e7\u00e3o e do encontro de hist\u00f3rias de vida.<\/p>\n<p>Maria F\u00e1tima Sousa, assim como muitos estudantes, t\u00e9cnicos e docentes, enfrentou desafios para acessar a educa\u00e7\u00e3o e, atrav\u00e9s dela, transp\u00f4s barreiras para que mais de n\u00f3s tiv\u00e9ssemos a oportunidade de crescer e mudar vidas. Jovem interiorana da Para\u00edba, F\u00e1tima encontrou na enfermagem o sentido do trabalho e um instrumento para a transforma\u00e7\u00e3o da realidade. Viveu em rep\u00fablica e atuou no movimento estudantil. Se lan\u00e7ou \u00e0 Reforma Sanit\u00e1ria Brasileira com o compromisso e a compet\u00eancia do projeto social que significa, construindo o Sistema \u00danico de Sa\u00fade (SUS) e atuando para a garantia dos direitos mais fundamentais do povo.<\/p>\n<p>Sempre suscitando o questionamento se seria sua compet\u00eancia t\u00e9cnica atravessada por paix\u00e3o ou sua paix\u00e3o absoluta pela sa\u00fade enquanto instrumento de garantia de dignidade repleta de compet\u00eancia t\u00e9cnica, ambas as coisas transbordaram na marca hist\u00f3rica de uma enfermeira liderando a implanta\u00e7\u00e3o de um programa referenciado mundialmente, ess\u00eancia da Aten\u00e7\u00e3o Prim\u00e1ria \u00e0 Sa\u00fade, por reconhecer a necessidade do enraizamento da pol\u00edtica de sa\u00fade nos territ\u00f3rios \u2013 o Programa de Agentes Comunit\u00e1rios de Sa\u00fade. Foi, inclusive, a Universidade de Bras\u00edlia, atrav\u00e9s da integra\u00e7\u00e3o entre o ensino, o servi\u00e7o e a comunidade, uma das pioneiras na implanta\u00e7\u00e3o de uma aten\u00e7\u00e3o prim\u00e1ria \u00e0 sa\u00fade que se preocupe com gente, esteja enraizada na comunidade e promova todos os direitos que constituem uma vida saud\u00e1vel. Encontro de hist\u00f3rias!<\/p>\n<p>Dessa mesma forma, a comunidade acad\u00eamica da UnB pode escolher, agora, uma educadora cujo compromisso irredut\u00edvel com uma educa\u00e7\u00e3o emancipadora direciona o olhar \u00e0s potencialidades das pessoas que chegam a ela com a mesma inquieta\u00e7\u00e3o que nutre desde a juventude. Conhecendo a fundo as dificuldades, mas, tamb\u00e9m e sobretudo, as potencialidades dos discentes, existe a chance de escolher para cuidar da UnB algu\u00e9m que j\u00e1 foi experimentada em projetos ousados de agigantamento de direitos e dignidade: cuidar de gente e construir a base do maior sistema de sa\u00fade do mundo.<\/p>\n<p>Se passou pelas rep\u00fablicas e casas universit\u00e1rias; se veio do interior da Para\u00edba e enfrentou a xenofobia e a vulnerabilidade; se conhece de perto a viv\u00eancia da popula\u00e7\u00e3o LGBT+ por n\u00e3o temer viver o amor; se comp\u00f5e a maior categoria do setor sa\u00fade e colabora com as lutas coletivas para a valoriza\u00e7\u00e3o da enfermagem; se integrou diferentes atores e atrizes na estrutura\u00e7\u00e3o de pol\u00edticas p\u00fablicas durante toda a vida, F\u00e1tima Sousa n\u00e3o deixa d\u00favidas de que a UnB pode ser cuidada por uma enfermeira que olhar\u00e1 para as necessidades de estudantes que dependem da assist\u00eancia estudantil para sua manuten\u00e7\u00e3o, de t\u00e9cnicos administrativos que precisam de valoriza\u00e7\u00e3o e prote\u00e7\u00e3o para a execu\u00e7\u00e3o de seu trabalho, de docentes que esperam oportunidades de exerc\u00edcio de suas expertises na promo\u00e7\u00e3o da ci\u00eancia brasileira e na forma\u00e7\u00e3o humana e profissional de milhares de pessoas que vivem a UnB. Quem ajudou a conectar os mais de 5 mil munic\u00edpios brasileiros ao direito \u00e0 sa\u00fade atrav\u00e9s dos agentes comunit\u00e1rios sabe o que fazer para integrar os campus da Universidade de Bras\u00edlia e promover uma educa\u00e7\u00e3o emancipadora, colaborativa e equitativa entre pessoas e territ\u00f3rios.<\/p>\n<p>A Chapa 99 para a reitoria da UnB \u00e9 escolha de quem enxerga na nova gera\u00e7\u00e3o a continuidade da luta pela dignidade das pessoas e v\u00ea na educa\u00e7\u00e3o a principal ferramenta para isso. Como diz F\u00e1tima Sousa, seu imperativo de vida \u00e9 construir um territ\u00f3rio saud\u00e1vel, que permita a todas as pessoas serem felizes com unidade e afeto. \u00c9 esse caminho que est\u00e1 diante da UnB. Para trilh\u00e1-lo, dias 20 e 21 a Universidade de Bras\u00edlia pode escolher novos ventos, chapa 99!<\/p>\n","protected":false},"excerpt":{"rendered":"<p>Texto por L\u00edgia Maria, doutoranda em Sa\u00fade Coletiva da UnB e professora volunt\u00e1ria do Departamento de Sa\u00fade Coletiva, no campus Darcy Ribeiro. Nos dias 20 e 21 de agosto (hoje e amanh\u00e3), a Universidade de Bras\u00edlia passar\u00e1 pela primeira etapa da consulta p\u00fablica para a escolha das novas educadoras \u00e0 frente da gest\u00e3o, da defesa, [&hellip;]<\/p>\n","protected":false},"author":6,"featured_media":44818,"comment_status":"open","ping_status":"open","sticky":false,"template":"","format":"standard","meta":{"footnotes":""},"categories":[6,13,5],"tags":[817,7,428,603],"class_list":["post-44817","post","type-post","status-publish","format-standard","has-post-thumbnail","hentry","category-noticias","category-rede-privada","category-rede-publica","tag-eleicao","tag-enfermagem","tag-opiniao","tag-unb"],"_links":{"self":[{"href":"https:\/\/sindenfermeiro.com.br\/index.php\/wp-json\/wp\/v2\/posts\/44817","targetHints":{"allow":["GET"]}}],"collection":[{"href":"https:\/\/sindenfermeiro.com.br\/index.php\/wp-json\/wp\/v2\/posts"}],"about":[{"href":"https:\/\/sindenfermeiro.com.br\/index.php\/wp-json\/wp\/v2\/types\/post"}],"author":[{"embeddable":true,"href":"https:\/\/sindenfermeiro.com.br\/index.php\/wp-json\/wp\/v2\/users\/6"}],"replies":[{"embeddable":true,"href":"https:\/\/sindenfermeiro.com.br\/index.php\/wp-json\/wp\/v2\/comments?post=44817"}],"version-history":[{"count":2,"href":"https:\/\/sindenfermeiro.com.br\/index.php\/wp-json\/wp\/v2\/posts\/44817\/revisions"}],"predecessor-version":[{"id":44820,"href":"https:\/\/sindenfermeiro.com.br\/index.php\/wp-json\/wp\/v2\/posts\/44817\/revisions\/44820"}],"wp:featuredmedia":[{"embeddable":true,"href":"https:\/\/sindenfermeiro.com.br\/index.php\/wp-json\/wp\/v2\/media\/44818"}],"wp:attachment":[{"href":"https:\/\/sindenfermeiro.com.br\/index.php\/wp-json\/wp\/v2\/media?parent=44817"}],"wp:term":[{"taxonomy":"category","embeddable":true,"href":"https:\/\/sindenfermeiro.com.br\/index.php\/wp-json\/wp\/v2\/categories?post=44817"},{"taxonomy":"post_tag","embeddable":true,"href":"https:\/\/sindenfermeiro.com.br\/index.php\/wp-json\/wp\/v2\/tags?post=44817"}],"curies":[{"name":"wp","href":"https:\/\/api.w.org\/{rel}","templated":true}]}}