{"id":44812,"date":"2024-08-15T15:36:59","date_gmt":"2024-08-15T18:36:59","guid":{"rendered":"https:\/\/sindenfermeiro.com.br\/?p=44812"},"modified":"2026-05-01T05:43:28","modified_gmt":"2026-05-01T08:43:28","slug":"sindenfermeiro-celebra-acordo-coletivo-para-enfermeiros-da-uti-vida","status":"publish","type":"post","link":"https:\/\/sindenfermeiro.com.br\/index.php\/2024\/08\/15\/sindenfermeiro-celebra-acordo-coletivo-para-enfermeiros-da-uti-vida\/","title":{"rendered":"SindEnfermeiro celebra Acordo Coletivo para enfermeiros da UTI Vida"},"content":{"rendered":"<p>&nbsp;<\/p>\n<p><img loading=\"lazy\" decoding=\"async\" class=\" wp-image-44813 aligncenter\" src=\"https:\/\/sindenfermeiro.com.br\/wp-content\/uploads\/2024\/08\/IMG_0479-300x200.jpg\" alt=\"\" width=\"462\" height=\"308\" srcset=\"https:\/\/sindenfermeiro.com.br\/wp-content\/uploads\/2024\/08\/IMG_0479-300x200.jpg 300w, https:\/\/sindenfermeiro.com.br\/wp-content\/uploads\/2024\/08\/IMG_0479-1024x683.jpg 1024w, https:\/\/sindenfermeiro.com.br\/wp-content\/uploads\/2024\/08\/IMG_0479-768x512.jpg 768w, https:\/\/sindenfermeiro.com.br\/wp-content\/uploads\/2024\/08\/IMG_0479-1536x1024.jpg 1536w, https:\/\/sindenfermeiro.com.br\/wp-content\/uploads\/2024\/08\/IMG_0479-2048x1365.jpg 2048w\" sizes=\"auto, (max-width: 462px) 100vw, 462px\" \/><\/p>\n<p>&nbsp;<\/p>\n<p>Na manh\u00e3 de hoje (15), o Sindicato dos Enfermeiros do Distrito Federal (SindEnfermeiro-DF) e representantes da UTI Vida assinaram o Acordo Coletivo de Trabalho para os enfermeiros que atuam pela empresa.<\/p>\n<p>O acordo foi firmado em reuni\u00e3o na sede do sindicato, na Asa Norte, e contou com a presen\u00e7a do presidente da entidade, Jorge Henrique, da vice Ursula Nepomoceno, e do departamento jur\u00eddico.<\/p>\n<p>&#8220;\u00c9 a primeira vez que os enfermeiros da UTI Vida v\u00e3o ter um acordo coletivo de trabalho. Essa conquista foi fruto de uma s\u00e9rie de discuss\u00f5es onde reiteramos sempre a necessidade de valorizar o trabalho da categoria, e cuja maior conquista certamente est\u00e1 na implanta\u00e7\u00e3o do Piso Salarial nos vencimentos dos profissionais&#8221;, afirmou Jorge.<\/p>\n<p>O acordo ter\u00e1 vig\u00eancia 60 dias ap\u00f3s a assinatura, que foi hoje, com validade at\u00e9 setembro de 2025. Em breve, a \u00edntegra do documento ser\u00e1 disponibilizada para consulta.<\/p>\n","protected":false},"excerpt":{"rendered":"<p>&nbsp; &nbsp; Na manh\u00e3 de hoje (15), o Sindicato dos Enfermeiros do Distrito Federal (SindEnfermeiro-DF) e representantes da UTI Vida assinaram o Acordo Coletivo de Trabalho para os enfermeiros que atuam pela empresa. O acordo foi firmado em reuni\u00e3o na sede do sindicato, na Asa Norte, e contou com a presen\u00e7a do presidente da entidade, [&hellip;]<\/p>\n","protected":false},"author":6,"featured_media":44815,"comment_status":"open","ping_status":"open","sticky":false,"template":"","format":"standard","meta":{"footnotes":""},"categories":[6],"tags":[],"class_list":["post-44812","post","type-post","status-publish","format-standard","has-post-thumbnail","hentry","category-noticias"],"_links":{"self":[{"href":"https:\/\/sindenfermeiro.com.br\/index.php\/wp-json\/wp\/v2\/posts\/44812","targetHints":{"allow":["GET"]}}],"collection":[{"href":"https:\/\/sindenfermeiro.com.br\/index.php\/wp-json\/wp\/v2\/posts"}],"about":[{"href":"https:\/\/sindenfermeiro.com.br\/index.php\/wp-json\/wp\/v2\/types\/post"}],"author":[{"embeddable":true,"href":"https:\/\/sindenfermeiro.com.br\/index.php\/wp-json\/wp\/v2\/users\/6"}],"replies":[{"embeddable":true,"href":"https:\/\/sindenfermeiro.com.br\/index.php\/wp-json\/wp\/v2\/comments?post=44812"}],"version-history":[{"count":1,"href":"https:\/\/sindenfermeiro.com.br\/index.php\/wp-json\/wp\/v2\/posts\/44812\/revisions"}],"predecessor-version":[{"id":44816,"href":"https:\/\/sindenfermeiro.com.br\/index.php\/wp-json\/wp\/v2\/posts\/44812\/revisions\/44816"}],"wp:featuredmedia":[{"embeddable":true,"href":"https:\/\/sindenfermeiro.com.br\/index.php\/wp-json\/wp\/v2\/media\/44815"}],"wp:attachment":[{"href":"https:\/\/sindenfermeiro.com.br\/index.php\/wp-json\/wp\/v2\/media?parent=44812"}],"wp:term":[{"taxonomy":"category","embeddable":true,"href":"https:\/\/sindenfermeiro.com.br\/index.php\/wp-json\/wp\/v2\/categories?post=44812"},{"taxonomy":"post_tag","embeddable":true,"href":"https:\/\/sindenfermeiro.com.br\/index.php\/wp-json\/wp\/v2\/tags?post=44812"}],"curies":[{"name":"wp","href":"https:\/\/api.w.org\/{rel}","templated":true}]}}