{"id":44808,"date":"2024-08-13T11:21:35","date_gmt":"2024-08-13T14:21:35","guid":{"rendered":"https:\/\/sindenfermeiro.com.br\/?p=44808"},"modified":"2026-04-29T09:21:53","modified_gmt":"2026-04-29T12:21:53","slug":"sindicato-realiza-assembleia-com-servidores-da-regiao-central-em-prol-da-isonomia-salarial","status":"publish","type":"post","link":"https:\/\/sindenfermeiro.com.br\/index.php\/2024\/08\/13\/sindicato-realiza-assembleia-com-servidores-da-regiao-central-em-prol-da-isonomia-salarial\/","title":{"rendered":"Sindicato realiza assembleia com servidores da regi\u00e3o Central em prol da isonomia salarial"},"content":{"rendered":"<p>\u201cA hora \u00e9 agora. A luta n\u00e3o ser\u00e1 f\u00e1cil, por isso precisamos nos unir para alcan\u00e7ar a isonomia salarial\u201d, afirmou o Sindicato na terceira assembleia realizada hoje \u00e0 tarde no audit\u00f3rio do HRAN, com a participa\u00e7\u00e3o de enfermeiros e enfermeiras da Asa Norte, Asa Sul, Lago Norte, Lago Sul e Cruzeiro.<\/p>\n<p>O diferencial desta campanha da isonomia \u00e9 levar nossa luta para as ruas e fazer um ato com paralisa\u00e7\u00e3o no dia 28, \u00e0s 9h, em frente ao PO 700, sede da Secretaria de Sa\u00fade.<\/p>\n<p>A deputada distrital Dayse Amarilio participou do encontro e tamb\u00e9m destacou a necessidade dos (as) enfermeiros mostrarem seu poder de mobiliza\u00e7\u00e3o. Segundo ela, a Casa tem sido procurada por v\u00e1rias categorias em busca de reestrutura\u00e7\u00e3o. Os profissionais que se uniram e organizaram campanhas na CLDF conseguiram aumento salarial, o que refor\u00e7a a necessidade de mobiliza\u00e7\u00e3o e uni\u00e3o dos enfermeiros (as) pela justi\u00e7a salarial.<\/p>\n<p>Compare\u00e7a toda ter\u00e7a-feira na C\u00e2mara Legislativa do DF para pressionar os deputados. Juntos, vamos garantir que quem produz mais, n\u00e3o mere\u00e7a menos.<\/p>\n<p>&nbsp;<\/p>\n<p><span style=\"font-size: 10pt\"><em>Por Camila Piacesi<\/em><\/span><\/p>\n","protected":false},"excerpt":{"rendered":"<p>\u201cA hora \u00e9 agora. A luta n\u00e3o ser\u00e1 f\u00e1cil, por isso precisamos nos unir para alcan\u00e7ar a isonomia salarial\u201d, afirmou o Sindicato na terceira assembleia realizada hoje \u00e0 tarde no audit\u00f3rio do HRAN, com a participa\u00e7\u00e3o de enfermeiros e enfermeiras da Asa Norte, Asa Sul, Lago Norte, Lago Sul e Cruzeiro. O diferencial desta campanha [&hellip;]<\/p>\n","protected":false},"author":6,"featured_media":44809,"comment_status":"open","ping_status":"open","sticky":false,"template":"","format":"standard","meta":{"footnotes":""},"categories":[6],"tags":[],"class_list":["post-44808","post","type-post","status-publish","format-standard","has-post-thumbnail","hentry","category-noticias"],"_links":{"self":[{"href":"https:\/\/sindenfermeiro.com.br\/index.php\/wp-json\/wp\/v2\/posts\/44808","targetHints":{"allow":["GET"]}}],"collection":[{"href":"https:\/\/sindenfermeiro.com.br\/index.php\/wp-json\/wp\/v2\/posts"}],"about":[{"href":"https:\/\/sindenfermeiro.com.br\/index.php\/wp-json\/wp\/v2\/types\/post"}],"author":[{"embeddable":true,"href":"https:\/\/sindenfermeiro.com.br\/index.php\/wp-json\/wp\/v2\/users\/6"}],"replies":[{"embeddable":true,"href":"https:\/\/sindenfermeiro.com.br\/index.php\/wp-json\/wp\/v2\/comments?post=44808"}],"version-history":[{"count":2,"href":"https:\/\/sindenfermeiro.com.br\/index.php\/wp-json\/wp\/v2\/posts\/44808\/revisions"}],"predecessor-version":[{"id":44811,"href":"https:\/\/sindenfermeiro.com.br\/index.php\/wp-json\/wp\/v2\/posts\/44808\/revisions\/44811"}],"wp:featuredmedia":[{"embeddable":true,"href":"https:\/\/sindenfermeiro.com.br\/index.php\/wp-json\/wp\/v2\/media\/44809"}],"wp:attachment":[{"href":"https:\/\/sindenfermeiro.com.br\/index.php\/wp-json\/wp\/v2\/media?parent=44808"}],"wp:term":[{"taxonomy":"category","embeddable":true,"href":"https:\/\/sindenfermeiro.com.br\/index.php\/wp-json\/wp\/v2\/categories?post=44808"},{"taxonomy":"post_tag","embeddable":true,"href":"https:\/\/sindenfermeiro.com.br\/index.php\/wp-json\/wp\/v2\/tags?post=44808"}],"curies":[{"name":"wp","href":"https:\/\/api.w.org\/{rel}","templated":true}]}}