{"id":44770,"date":"2024-06-28T08:36:11","date_gmt":"2024-06-28T11:36:11","guid":{"rendered":"https:\/\/sindenfermeiro.com.br\/?p=44770"},"modified":"2026-04-26T13:00:55","modified_gmt":"2026-04-26T16:00:55","slug":"sindenfermeiro-df-deputada-dayse-amarilio-e-deputado-max-maciel-fiscalizam-ps-do-hrc","status":"publish","type":"post","link":"https:\/\/sindenfermeiro.com.br\/index.php\/2024\/06\/28\/sindenfermeiro-df-deputada-dayse-amarilio-e-deputado-max-maciel-fiscalizam-ps-do-hrc\/","title":{"rendered":"SindEnfermeiro-DF, deputada Dayse Amarilio e deputado Max Maciel fiscalizam PS do HRC"},"content":{"rendered":"<p>&nbsp;<\/p>\n<div id=\"attachment_44766\" style=\"width: 777px\" class=\"wp-caption aligncenter\"><img loading=\"lazy\" decoding=\"async\" aria-describedby=\"caption-attachment-44766\" class=\"wp-image-44766\" src=\"https:\/\/sindenfermeiro.com.br\/wp-content\/uploads\/2024\/06\/CEB5AA4F-5DBD-4046-9537-F9CEAB800573.jpeg\" alt=\"\" width=\"767\" height=\"511\" srcset=\"https:\/\/sindenfermeiro.com.br\/wp-content\/uploads\/2024\/06\/CEB5AA4F-5DBD-4046-9537-F9CEAB800573.jpeg 2304w, https:\/\/sindenfermeiro.com.br\/wp-content\/uploads\/2024\/06\/CEB5AA4F-5DBD-4046-9537-F9CEAB800573-300x200.jpeg 300w, https:\/\/sindenfermeiro.com.br\/wp-content\/uploads\/2024\/06\/CEB5AA4F-5DBD-4046-9537-F9CEAB800573-1024x683.jpeg 1024w, https:\/\/sindenfermeiro.com.br\/wp-content\/uploads\/2024\/06\/CEB5AA4F-5DBD-4046-9537-F9CEAB800573-768x512.jpeg 768w, https:\/\/sindenfermeiro.com.br\/wp-content\/uploads\/2024\/06\/CEB5AA4F-5DBD-4046-9537-F9CEAB800573-1536x1024.jpeg 1536w, https:\/\/sindenfermeiro.com.br\/wp-content\/uploads\/2024\/06\/CEB5AA4F-5DBD-4046-9537-F9CEAB800573-2048x1365.jpeg 2048w\" sizes=\"auto, (max-width: 767px) 100vw, 767px\" \/><p id=\"caption-attachment-44766\" class=\"wp-caption-text\">Presidente do SindEnfermeiro, Jorge Henrique, visita instala\u00e7\u00f5es do HRC. Foto: Camila Piacesi\/ASCOM SindEnfermeiro<\/p><\/div>\n<p>&nbsp;<\/p>\n<p>Hoje, 27, o presidente do Sindicato dos Enfermeiros do DF, Jorge Henrique, foi ao Pronto Socorro do Hospital Regional de Ceil\u00e2ndia (HRC) para fiscalizar as condi\u00e7\u00f5es de estrutura, equipamentos, dimensionamento de pessoal e o atendimento \u00e0 popula\u00e7\u00e3o ap\u00f3s den\u00fancias. A visita contou com a participa\u00e7\u00e3o da Comiss\u00e3o de Sa\u00fade da CLDF, representada pela deputada distrital Dayse Amarilio (PSB-DF) e pelo deputado distrital Max Maciel (PSOL-DF), al\u00e9m de Lincoln Vitor, consultor da Conofis &#8211; CLDF.<\/p>\n<p>Durante a inspe\u00e7\u00e3o, foram observados diversos problemas que comprometem o atendimento \u00e0 popula\u00e7\u00e3o. Constatou-se a falta de enfermeiros, t\u00e9cnicos de enfermagem, m\u00e9dicos, assistentes sociais e outros profissionais essenciais. Al\u00e9m disso, n\u00e3o h\u00e1 manuten\u00e7\u00e3o peri\u00f3dica nos equipamentos, resultando em ar-condicionado quebrado, macas e mesas danificadas, e falta de medicamentos. A estrutura do hospital tamb\u00e9m sofre com a falta de manuten\u00e7\u00e3o.<\/p>\n<p>Jorge Henrique destacou que o d\u00e9ficit de servidores sobrecarrega os profissionais que est\u00e3o na linha de frente. \u201cSempre escuto relatos de enfermeiros que est\u00e3o exaustos e ficando doentes. H\u00e1 a necessidade urgente de convocar os aprovados no concurso da SES\u201d, disse.<\/p>\n<p>Em rela\u00e7\u00e3o \u00e0s condi\u00e7\u00f5es prec\u00e1rias do hospital, os parlamentares descobriram que existem 12 milh\u00f5es de reais parados em uma conta da Caixa Econ\u00f4mica Federal, destinados \u00e0 reforma do Pronto Socorro do HRC. Eles se prontificaram a buscar a execu\u00e7\u00e3o desse recurso para melhorar as condi\u00e7\u00f5es da unidade e, consequentemente, a assist\u00eancia \u00e0 popula\u00e7\u00e3o.<\/p>\n<p>Por Camila Piacesi<\/p>\n","protected":false},"excerpt":{"rendered":"<p>&nbsp; &nbsp; Hoje, 27, o presidente do Sindicato dos Enfermeiros do DF, Jorge Henrique, foi ao Pronto Socorro do Hospital Regional de Ceil\u00e2ndia (HRC) para fiscalizar as condi\u00e7\u00f5es de estrutura, equipamentos, dimensionamento de pessoal e o atendimento \u00e0 popula\u00e7\u00e3o ap\u00f3s den\u00fancias. A visita contou com a participa\u00e7\u00e3o da Comiss\u00e3o de Sa\u00fade da CLDF, representada pela [&hellip;]<\/p>\n","protected":false},"author":6,"featured_media":44766,"comment_status":"open","ping_status":"open","sticky":false,"template":"","format":"standard","meta":{"footnotes":""},"categories":[6,5],"tags":[912,682,567,89,919,21],"class_list":["post-44770","post","type-post","status-publish","format-standard","has-post-thumbnail","hentry","category-noticias","category-rede-publica","tag-camila-piacesi","tag-dayse","tag-fiscalizacao","tag-hrc","tag-max","tag-sindenfermeiro"],"_links":{"self":[{"href":"https:\/\/sindenfermeiro.com.br\/index.php\/wp-json\/wp\/v2\/posts\/44770","targetHints":{"allow":["GET"]}}],"collection":[{"href":"https:\/\/sindenfermeiro.com.br\/index.php\/wp-json\/wp\/v2\/posts"}],"about":[{"href":"https:\/\/sindenfermeiro.com.br\/index.php\/wp-json\/wp\/v2\/types\/post"}],"author":[{"embeddable":true,"href":"https:\/\/sindenfermeiro.com.br\/index.php\/wp-json\/wp\/v2\/users\/6"}],"replies":[{"embeddable":true,"href":"https:\/\/sindenfermeiro.com.br\/index.php\/wp-json\/wp\/v2\/comments?post=44770"}],"version-history":[{"count":5,"href":"https:\/\/sindenfermeiro.com.br\/index.php\/wp-json\/wp\/v2\/posts\/44770\/revisions"}],"predecessor-version":[{"id":44781,"href":"https:\/\/sindenfermeiro.com.br\/index.php\/wp-json\/wp\/v2\/posts\/44770\/revisions\/44781"}],"wp:featuredmedia":[{"embeddable":true,"href":"https:\/\/sindenfermeiro.com.br\/index.php\/wp-json\/wp\/v2\/media\/44766"}],"wp:attachment":[{"href":"https:\/\/sindenfermeiro.com.br\/index.php\/wp-json\/wp\/v2\/media?parent=44770"}],"wp:term":[{"taxonomy":"category","embeddable":true,"href":"https:\/\/sindenfermeiro.com.br\/index.php\/wp-json\/wp\/v2\/categories?post=44770"},{"taxonomy":"post_tag","embeddable":true,"href":"https:\/\/sindenfermeiro.com.br\/index.php\/wp-json\/wp\/v2\/tags?post=44770"}],"curies":[{"name":"wp","href":"https:\/\/api.w.org\/{rel}","templated":true}]}}