{"id":44759,"date":"2024-06-17T14:21:34","date_gmt":"2024-06-17T17:21:34","guid":{"rendered":"https:\/\/sindenfermeiro.com.br\/?p=44759"},"modified":"2026-04-29T09:21:54","modified_gmt":"2026-04-29T12:21:54","slug":"sindenfermeiro-manifesta-apoio-a-greve-dos-tecnicos-de-enfermagem-do-df","status":"publish","type":"post","link":"https:\/\/sindenfermeiro.com.br\/index.php\/2024\/06\/17\/sindenfermeiro-manifesta-apoio-a-greve-dos-tecnicos-de-enfermagem-do-df\/","title":{"rendered":"SindEnfermeiro manifesta apoio \u00e0 greve dos t\u00e9cnicos de enfermagem do DF"},"content":{"rendered":"<p>O Sindicato dos Enfermeiros do DF vem a p\u00fablico manifestar seu total apoio \u00e0 greve dos t\u00e9cnicos de enfermagem da rede p\u00fablica de sa\u00fade do DF, iniciada hoje, 17 de junho de 2024. Assim como os t\u00e9cnicos, os enfermeiros e as enfermeiras do SUS enfrentam p\u00e9ssimas condi\u00e7\u00f5es de trabalho, d\u00e9ficit de servidores e desvaloriza\u00e7\u00e3o. Os t\u00e9cnicos est\u00e3o h\u00e1 11 anos sem reajuste salarial, desde a cria\u00e7\u00e3o da sua carreira pela Secretaria de Sa\u00fade do DF.<\/p>\n<p>Defendemos um servi\u00e7o p\u00fablico de qualidade e uma sa\u00fade p\u00fablica de excel\u00eancia, com atendimentos \u00e1geis para a popula\u00e7\u00e3o. Toda a rede assistencial est\u00e1 em situa\u00e7\u00e3o de abandono, com equipamentos quebrados, falta de insumos e medicamentos. Lutamos pela constru\u00e7\u00e3o de novas UBS, reformas de hospitais, pela nomea\u00e7\u00e3o de novos servidores e pelo fim da terceiriza\u00e7\u00e3o da sa\u00fade.<\/p>\n<p>Neste momento de crise na sa\u00fade, ocasionada pela proposital falta de investimento do governo local, a aposta em um movimento unificado entre as categorias pode criar as condi\u00e7\u00f5es para a t\u00e3o almejada restrutura\u00e7\u00e3o de todas as carreiras da sa\u00fade da capital. A valoriza\u00e7\u00e3o do SUS est\u00e1 vinculada ao reconhecimento de todos os profissionais de sa\u00fade no DF, e isso inclui os enfermeiros e enfermeiras que lutam pela isonomia salarial para corrigir uma injusti\u00e7a hist\u00f3rica.<\/p>\n","protected":false},"excerpt":{"rendered":"<p>O Sindicato dos Enfermeiros do DF vem a p\u00fablico manifestar seu total apoio \u00e0 greve dos t\u00e9cnicos de enfermagem da rede p\u00fablica de sa\u00fade do DF, iniciada hoje, 17 de junho de 2024. Assim como os t\u00e9cnicos, os enfermeiros e as enfermeiras do SUS enfrentam p\u00e9ssimas condi\u00e7\u00f5es de trabalho, d\u00e9ficit de servidores e desvaloriza\u00e7\u00e3o. Os [&hellip;]<\/p>\n","protected":false},"author":6,"featured_media":44760,"comment_status":"open","ping_status":"open","sticky":false,"template":"","format":"standard","meta":{"footnotes":""},"categories":[6],"tags":[],"class_list":["post-44759","post","type-post","status-publish","format-standard","has-post-thumbnail","hentry","category-noticias"],"_links":{"self":[{"href":"https:\/\/sindenfermeiro.com.br\/index.php\/wp-json\/wp\/v2\/posts\/44759","targetHints":{"allow":["GET"]}}],"collection":[{"href":"https:\/\/sindenfermeiro.com.br\/index.php\/wp-json\/wp\/v2\/posts"}],"about":[{"href":"https:\/\/sindenfermeiro.com.br\/index.php\/wp-json\/wp\/v2\/types\/post"}],"author":[{"embeddable":true,"href":"https:\/\/sindenfermeiro.com.br\/index.php\/wp-json\/wp\/v2\/users\/6"}],"replies":[{"embeddable":true,"href":"https:\/\/sindenfermeiro.com.br\/index.php\/wp-json\/wp\/v2\/comments?post=44759"}],"version-history":[{"count":1,"href":"https:\/\/sindenfermeiro.com.br\/index.php\/wp-json\/wp\/v2\/posts\/44759\/revisions"}],"predecessor-version":[{"id":44761,"href":"https:\/\/sindenfermeiro.com.br\/index.php\/wp-json\/wp\/v2\/posts\/44759\/revisions\/44761"}],"wp:featuredmedia":[{"embeddable":true,"href":"https:\/\/sindenfermeiro.com.br\/index.php\/wp-json\/wp\/v2\/media\/44760"}],"wp:attachment":[{"href":"https:\/\/sindenfermeiro.com.br\/index.php\/wp-json\/wp\/v2\/media?parent=44759"}],"wp:term":[{"taxonomy":"category","embeddable":true,"href":"https:\/\/sindenfermeiro.com.br\/index.php\/wp-json\/wp\/v2\/categories?post=44759"},{"taxonomy":"post_tag","embeddable":true,"href":"https:\/\/sindenfermeiro.com.br\/index.php\/wp-json\/wp\/v2\/tags?post=44759"}],"curies":[{"name":"wp","href":"https:\/\/api.w.org\/{rel}","templated":true}]}}