{"id":44754,"date":"2024-05-29T09:37:09","date_gmt":"2024-05-29T12:37:09","guid":{"rendered":"https:\/\/sindenfermeiro.com.br\/?p=44754"},"modified":"2026-04-29T09:19:43","modified_gmt":"2026-04-29T12:19:43","slug":"ato-em-defesa-da-saude-publica-do-df","status":"publish","type":"post","link":"https:\/\/sindenfermeiro.com.br\/index.php\/2024\/05\/29\/ato-em-defesa-da-saude-publica-do-df\/","title":{"rendered":"Ato em Defesa da Sa\u00fade P\u00fablica do DF"},"content":{"rendered":"<p><img loading=\"lazy\" decoding=\"async\" class=\"wp-image-44755 aligncenter\" src=\"https:\/\/sindenfermeiro.com.br\/wp-content\/uploads\/2024\/05\/WhatsApp-Image-2024-05-29-at-09.35.50-300x198.jpeg\" alt=\"\" width=\"489\" height=\"323\" srcset=\"https:\/\/sindenfermeiro.com.br\/wp-content\/uploads\/2024\/05\/WhatsApp-Image-2024-05-29-at-09.35.50-300x198.jpeg 300w, https:\/\/sindenfermeiro.com.br\/wp-content\/uploads\/2024\/05\/WhatsApp-Image-2024-05-29-at-09.35.50-1024x677.jpeg 1024w, https:\/\/sindenfermeiro.com.br\/wp-content\/uploads\/2024\/05\/WhatsApp-Image-2024-05-29-at-09.35.50-768x508.jpeg 768w, https:\/\/sindenfermeiro.com.br\/wp-content\/uploads\/2024\/05\/WhatsApp-Image-2024-05-29-at-09.35.50.jpeg 1284w\" sizes=\"auto, (max-width: 489px) 100vw, 489px\" \/><\/p>\n<p>&nbsp;<\/p>\n<p>Na ter\u00e7a-feira (04), \u00e0s 13h, no Pal\u00e1cio do Buriti, representantes da sa\u00fade, movimentos sociais, estudantis e sindicais realizar\u00e3o um ato de protesto pela abertura de uma Comiss\u00e3o Parlamentar de Inqu\u00e9rito (CPI) na C\u00e2mara Legislativa para investigar a crise na sa\u00fade p\u00fablica do DF, a falta de atendimento \u00e0 popula\u00e7\u00e3o e de transpar\u00eancia em rela\u00e7\u00e3o aos recursos destinados \u00e0s unidades geridas pelo IGES.<\/p>\n<p>A decis\u00e3o foi tomada nesta segunda (27), durante uma reuni\u00e3o ampliada convocada pelo Sindicato dos Enfermeiros do DF, no audit\u00f3rio da entidade. O encontro ocorreu ap\u00f3s uma s\u00e9rie de mortes de crian\u00e7as no sistema de sa\u00fade p\u00fablica, com o DF registrando a maior s\u00e9rie hist\u00f3rica de falecimentos de crian\u00e7as internadas.<\/p>\n<p>Durante o encontro, tamb\u00e9m foram tra\u00e7adas estrat\u00e9gias para combater o desfinanciamento do SUS e a terceiriza\u00e7\u00e3o da sa\u00fade, que ocorrer\u00e3o durante toda a semana.<\/p>\n<p>Segundo Jorge Henrique, a terceiriza\u00e7\u00e3o tem agravado a crise, pois estamos competindo com o IGES, que hoje recebe R$ 1 bilh\u00e3o, al\u00e9m dos termos aditivos de cerca de R$ 200 milh\u00f5es por cada termo. Enquanto isso, o investimento em sa\u00fade foi zerado, deixando um vazio assistencial enorme e equipes sobrecarregadas. &#8220;A terceiriza\u00e7\u00e3o ainda fragmenta o sistema e n\u00e3o dialoga com a sa\u00fade.&#8221;<\/p>\n<p>O governo atual \u00e9 o que menos investiu na sa\u00fade nos \u00faltimos 25 anos, resultando em um d\u00e9ficit de quase seis mil t\u00e9cnicos de enfermagem, quatro mil m\u00e9dicos, cerca de 800 enfermeiros e 1600 especialistas, como fisioterapeutas e nutricionistas. Al\u00e9m disso, h\u00e1 uma fila quilom\u00e9trica de aproximadamente 900 mil pessoas esperando por exames ou cirurgias.<\/p>\n<p>A vice-presidente Ursula Neponocemo apontou a falta de transpar\u00eancia nas presta\u00e7\u00f5es de contas do IGES. &#8220;Antes do IGES, a capacidade de atendimento era maior. Hoje, enfrentamos a falta de clareza nos contratos de recursos humanos. H\u00e1 discrep\u00e2ncias salariais e problemas de infraestrutura nas unidades de sa\u00fade.&#8221;<\/p>\n<p>Ursula afirmou que a sa\u00fade mental tamb\u00e9m est\u00e1 em situa\u00e7\u00e3o prec\u00e1ria, sem psiquiatras suficientes e com um d\u00e9ficit de profissionais, al\u00e9m da falta de CAPS para o atendimento.<\/p>\n<p>CPI da Sa\u00fade j\u00e1<\/p>\n<p>O requerimento de pedido de Comiss\u00e3o Parlamentar de Inqu\u00e9rito (CPI) foi solicitado pelos deputados distritais F\u00e1bio Felix (PSOL-DF), Max Maciel (PSOL-DF), Gabriel Magno (PT-DF) e pela deputada Dayse Amarilio (PSB-DF) j\u00e1 conta com 6 assinaturas. Para come\u00e7ar a tramitar, o pedido de CPI precisa ter oito assinaturas. Para o deputado Gabriel Magno, a comiss\u00e3o far\u00e1\u00a0 o governo responder sobre o d\u00e9ficit de profissionais, a falta de atendimento e sobre a transpar\u00eancia no IGES.<\/p>\n<p>J\u00e1 o deputado distrital F\u00e1bio Felix explicou que \u00e9 a CPI da Sa\u00fade \u00e9 com foco no instituto, pois mesmo diante da crise o governo n\u00e3o apresenta nenhuma medida emergencial para melhorar o atendimento \u00e0 sa\u00fade da popula\u00e7\u00e3o.<\/p>\n<p>Na reuni\u00e3o, a deputada distrital Dayse pontuou as perguntas realizadas na reuni\u00e3o com representantes do GDF e IGES, como por exemplo, o d\u00e9ficit de profissionais e a falta de transpar\u00eancia em termos aditivos de contrato.<\/p>\n<p>\u201cS\u00e3o 51 temas aditivos. Nesses termos aditivos a comiss\u00e3o de acompanhamento trouxe mais de 67 recomenda\u00e7\u00f5es dizendo que os termo aditivo n\u00e3o \u00e9 transparente que a gente n\u00e3o consegue inclusive dimensionar, quantificar quanto que o Iges custa aos cofres da Secretaria e ele tamb\u00e9m n\u00e3o traz nenhum tipo de glosa e nem de penalidade por n\u00e3o cumprimento disso em rela\u00e7\u00e3o \u00e0 SES e isso \u00e9 muito grave\u201d, disse a parlamentar.<\/p>\n<p>Ela tamb\u00e9m explicou que h\u00e1 suspeita tamb\u00e9m da terceiriza\u00e7\u00e3o das ambul\u00e2ncias do Samu. &#8220;Hoje, a assist\u00eancia da aten\u00e7\u00e3o prim\u00e1ria \u00e9 muito baixa e, segundo a LOA, ser\u00e3o destinados apenas 10 mil reais para o fortalecimento da APS ao longo do ano. Conto com o apoio de todos nesta sala para ajudar. Precisamos mobilizar os movimentos sociais para ir \u00e0s ruas, cobrar e sensibilizar a popula\u00e7\u00e3o sobre a real situa\u00e7\u00e3o da sa\u00fade p\u00fablica&#8221;.<\/p>\n<p>Hora de ir para as ruas<\/p>\n<p>A diretora de comunica\u00e7\u00e3o, Nayara Jessica, destacou que \u00e9 hora de lutar por um sistema de sa\u00fade p\u00fablico transparente e eficiente! &#8220;Fica claro que a sa\u00fade n\u00e3o \u00e9 prioridade para o governo&#8221;, afirmou, e convoca: vamos nos unir e lutar por um sistema de sa\u00fade digno e transparente para todos!<\/p>\n<p>Participaram da reuni\u00e3o representantes do Sinpaf, AES, UCB, Unidade Popular, Conlutas\/CSP e PSTU, SindPsi-DF, Brasil de Fato, UnB Ceil\u00e2ndia, SindSa\u00fade, Sinpro-DF, CUT-DF e Aben-DF, CRM e Coren-DF.<\/p>\n<p>&nbsp;<\/p>\n<p><em>Por Camila Piacesi<\/em><\/p>\n","protected":false},"excerpt":{"rendered":"<p>&nbsp; Na ter\u00e7a-feira (04), \u00e0s 13h, no Pal\u00e1cio do Buriti, representantes da sa\u00fade, movimentos sociais, estudantis e sindicais realizar\u00e3o um ato de protesto pela abertura de uma Comiss\u00e3o Parlamentar de Inqu\u00e9rito (CPI) na C\u00e2mara Legislativa para investigar a crise na sa\u00fade p\u00fablica do DF, a falta de atendimento \u00e0 popula\u00e7\u00e3o e de transpar\u00eancia em rela\u00e7\u00e3o [&hellip;]<\/p>\n","protected":false},"author":6,"featured_media":44755,"comment_status":"open","ping_status":"open","sticky":false,"template":"","format":"standard","meta":{"footnotes":""},"categories":[6],"tags":[],"class_list":["post-44754","post","type-post","status-publish","format-standard","has-post-thumbnail","hentry","category-noticias"],"_links":{"self":[{"href":"https:\/\/sindenfermeiro.com.br\/index.php\/wp-json\/wp\/v2\/posts\/44754","targetHints":{"allow":["GET"]}}],"collection":[{"href":"https:\/\/sindenfermeiro.com.br\/index.php\/wp-json\/wp\/v2\/posts"}],"about":[{"href":"https:\/\/sindenfermeiro.com.br\/index.php\/wp-json\/wp\/v2\/types\/post"}],"author":[{"embeddable":true,"href":"https:\/\/sindenfermeiro.com.br\/index.php\/wp-json\/wp\/v2\/users\/6"}],"replies":[{"embeddable":true,"href":"https:\/\/sindenfermeiro.com.br\/index.php\/wp-json\/wp\/v2\/comments?post=44754"}],"version-history":[{"count":2,"href":"https:\/\/sindenfermeiro.com.br\/index.php\/wp-json\/wp\/v2\/posts\/44754\/revisions"}],"predecessor-version":[{"id":44784,"href":"https:\/\/sindenfermeiro.com.br\/index.php\/wp-json\/wp\/v2\/posts\/44754\/revisions\/44784"}],"wp:featuredmedia":[{"embeddable":true,"href":"https:\/\/sindenfermeiro.com.br\/index.php\/wp-json\/wp\/v2\/media\/44755"}],"wp:attachment":[{"href":"https:\/\/sindenfermeiro.com.br\/index.php\/wp-json\/wp\/v2\/media?parent=44754"}],"wp:term":[{"taxonomy":"category","embeddable":true,"href":"https:\/\/sindenfermeiro.com.br\/index.php\/wp-json\/wp\/v2\/categories?post=44754"},{"taxonomy":"post_tag","embeddable":true,"href":"https:\/\/sindenfermeiro.com.br\/index.php\/wp-json\/wp\/v2\/tags?post=44754"}],"curies":[{"name":"wp","href":"https:\/\/api.w.org\/{rel}","templated":true}]}}