{"id":44744,"date":"2024-05-27T09:39:31","date_gmt":"2024-05-27T12:39:31","guid":{"rendered":"https:\/\/sindenfermeiro.com.br\/?p=44744"},"modified":"2026-05-01T07:17:46","modified_gmt":"2026-05-01T10:17:46","slug":"sindicato-dos-enfermeiros-do-distrito-federal-alerta-a-gestao-do-iges-df-compromete-a-saude-publica","status":"publish","type":"post","link":"https:\/\/sindenfermeiro.com.br\/index.php\/2024\/05\/27\/sindicato-dos-enfermeiros-do-distrito-federal-alerta-a-gestao-do-iges-df-compromete-a-saude-publica\/","title":{"rendered":"Sindicato dos Enfermeiros do Distrito Federal alerta: a gest\u00e3o do IGES-DF compromete a sa\u00fade  p\u00fablica"},"content":{"rendered":"<p>O Sindicato dos Enfermeiros do Distrito Federal tem sido incans\u00e1vel em alertar a popula\u00e7\u00e3o sobre os perigos representados pela gest\u00e3o do Instituto de Gest\u00e3o Estrat\u00e9gica de Sa\u00fade do Distrito Federal (IGES-DF). Mas por que tanto alarme?<\/p>\n<p>Anualmente, presenciamos o governo local reduzindo o or\u00e7amento destinado \u00e0 sa\u00fade p\u00fablica, enquanto o IGES-DF \u00e9 beneficiado com uma verba de 1 milh\u00e3o de reais, aprovada na LDO durante sess\u00e3o na C\u00e2mara Legislativa. O resultado desse desequil\u00edbrio \u00e9 devastador: filas quilom\u00e9tricas, supostos erros m\u00e9dicos, falta de transpar\u00eancia e suspeitas de neglig\u00eancia.<\/p>\n<p>Recentemente, de abril a maio, quatro vidas foram perdidas nas unidades do IGES-DF, sendo duas crian\u00e7as e dois beb\u00eas. Diante desses casos, fica evidente que a terceiriza\u00e7\u00e3o n\u00e3o \u00e9 a solu\u00e7\u00e3o para os problemas enfrentados. Pelo contr\u00e1rio, \u00e9 parte integrante do problema. Ela fragmenta o sistema de sa\u00fade, resultando em filas intermin\u00e1veis e desorganiza\u00e7\u00e3o, reflexo de dois modelos de gest\u00e3o que simplesmente n\u00e3o se comunicam. Por isso, h\u00e1 crian\u00e7as que morreram \u00e0 espera de uma ambul\u00e2ncia.<\/p>\n<p>O IGES-DF j\u00e1 demonstrou sua incapacidade em cuidar adequadamente da sa\u00fade dos brasilienses. At\u00e9 quando ser\u00e1 necess\u00e1rio que mais crian\u00e7as paguem com suas vidas para que o governo invista de forma correta na sa\u00fade? Exigimos mais nomea\u00e7\u00f5es, amplia\u00e7\u00e3o de hospitais e constru\u00e7\u00e3o de Unidades B\u00e1sicas de Sa\u00fade (UBS).<\/p>\n<p>\u00c9 hora de agir e lutar por uma sa\u00fade digna para todos os cidad\u00e3os do Distrito Federal! CPI DO IGES J\u00c1!<\/p>\n<p><em>Por: Camila Piacesi<\/em><\/p>\n","protected":false},"excerpt":{"rendered":"<p>O Sindicato dos Enfermeiros do Distrito Federal tem sido incans\u00e1vel em alertar a popula\u00e7\u00e3o sobre os perigos representados pela gest\u00e3o do Instituto de Gest\u00e3o Estrat\u00e9gica de Sa\u00fade do Distrito Federal (IGES-DF). Mas por que tanto alarme? Anualmente, presenciamos o governo local reduzindo o or\u00e7amento destinado \u00e0 sa\u00fade p\u00fablica, enquanto o IGES-DF \u00e9 beneficiado com uma [&hellip;]<\/p>\n","protected":false},"author":6,"featured_media":44745,"comment_status":"open","ping_status":"open","sticky":false,"template":"","format":"standard","meta":{"footnotes":""},"categories":[6],"tags":[],"class_list":["post-44744","post","type-post","status-publish","format-standard","has-post-thumbnail","hentry","category-noticias"],"_links":{"self":[{"href":"https:\/\/sindenfermeiro.com.br\/index.php\/wp-json\/wp\/v2\/posts\/44744","targetHints":{"allow":["GET"]}}],"collection":[{"href":"https:\/\/sindenfermeiro.com.br\/index.php\/wp-json\/wp\/v2\/posts"}],"about":[{"href":"https:\/\/sindenfermeiro.com.br\/index.php\/wp-json\/wp\/v2\/types\/post"}],"author":[{"embeddable":true,"href":"https:\/\/sindenfermeiro.com.br\/index.php\/wp-json\/wp\/v2\/users\/6"}],"replies":[{"embeddable":true,"href":"https:\/\/sindenfermeiro.com.br\/index.php\/wp-json\/wp\/v2\/comments?post=44744"}],"version-history":[{"count":2,"href":"https:\/\/sindenfermeiro.com.br\/index.php\/wp-json\/wp\/v2\/posts\/44744\/revisions"}],"predecessor-version":[{"id":44776,"href":"https:\/\/sindenfermeiro.com.br\/index.php\/wp-json\/wp\/v2\/posts\/44744\/revisions\/44776"}],"wp:featuredmedia":[{"embeddable":true,"href":"https:\/\/sindenfermeiro.com.br\/index.php\/wp-json\/wp\/v2\/media\/44745"}],"wp:attachment":[{"href":"https:\/\/sindenfermeiro.com.br\/index.php\/wp-json\/wp\/v2\/media?parent=44744"}],"wp:term":[{"taxonomy":"category","embeddable":true,"href":"https:\/\/sindenfermeiro.com.br\/index.php\/wp-json\/wp\/v2\/categories?post=44744"},{"taxonomy":"post_tag","embeddable":true,"href":"https:\/\/sindenfermeiro.com.br\/index.php\/wp-json\/wp\/v2\/tags?post=44744"}],"curies":[{"name":"wp","href":"https:\/\/api.w.org\/{rel}","templated":true}]}}