{"id":44712,"date":"2024-04-03T16:24:32","date_gmt":"2024-04-03T19:24:32","guid":{"rendered":"https:\/\/sindenfermeiro.com.br\/?p=44712"},"modified":"2026-04-29T09:24:12","modified_gmt":"2026-04-29T12:24:12","slug":"isonomia-salarial-sindenfermeiro-reune-categoria-em-assembleia-para-debater-estrategias-de-acao-e-mobilizacao","status":"publish","type":"post","link":"https:\/\/sindenfermeiro.com.br\/index.php\/2024\/04\/03\/isonomia-salarial-sindenfermeiro-reune-categoria-em-assembleia-para-debater-estrategias-de-acao-e-mobilizacao\/","title":{"rendered":"ISONOMIA SALARIAL: SindEnfermeiro re\u00fane categoria em assembleia para debater estrat\u00e9gias de a\u00e7\u00e3o e mobiliza\u00e7\u00e3o"},"content":{"rendered":"<p><img loading=\"lazy\" decoding=\"async\" class=\"aligncenter wp-image-44713 \" src=\"https:\/\/sindenfermeiro.com.br\/wp-content\/uploads\/2024\/04\/MG_4662-scaled.jpg\" alt=\"\" width=\"619\" height=\"412\" srcset=\"https:\/\/sindenfermeiro.com.br\/wp-content\/uploads\/2024\/04\/MG_4662-scaled.jpg 2560w, https:\/\/sindenfermeiro.com.br\/wp-content\/uploads\/2024\/04\/MG_4662-300x200.jpg 300w, https:\/\/sindenfermeiro.com.br\/wp-content\/uploads\/2024\/04\/MG_4662-1024x683.jpg 1024w, https:\/\/sindenfermeiro.com.br\/wp-content\/uploads\/2024\/04\/MG_4662-768x512.jpg 768w, https:\/\/sindenfermeiro.com.br\/wp-content\/uploads\/2024\/04\/MG_4662-1536x1024.jpg 1536w, https:\/\/sindenfermeiro.com.br\/wp-content\/uploads\/2024\/04\/MG_4662-2048x1365.jpg 2048w\" sizes=\"auto, (max-width: 619px) 100vw, 619px\" \/><\/p>\n<p>Na noite de ontem (02), o SindEnfermeiro-DF promoveu assembleia junto \u00e0 categoria para debater as estrat\u00e9gias de luta pela Isonomia Salarial dos enfermeiros da SES. Dezenas de profissionais atenderam ao chamado do sindicato e compareceram ao Clube da Sa\u00fade para dar sugest\u00f5es, tirar d\u00favidas e entender os detalhes da luta travada nos \u00faltimos anos pela isonomia.<\/p>\n<p>A assembleia foi conduzida pelo presidente Jorge Henrique, pela vice Ursula Nepomoceno, e pelos diretores Marcio da Mata e Nayara J\u00e9ssica &#8211; contando ainda com a participa\u00e7\u00e3o da deputada Dayse Amarilio (PSB), e da presidente da ABEn-DF, Karine Afonseca.<\/p>\n<p>Como principal encaminhamento da assembleia, foi decidido que ser\u00e1 criada uma comiss\u00e3o permanente de a\u00e7\u00f5es voltadas para a luta pela isonomia &#8211; desde o trabalho de base junto \u00e0 categoria at\u00e9 a realiza\u00e7\u00e3o de atividades e manifesta\u00e7\u00f5es, bem como apoio nas estrat\u00e9gias pol\u00edticas de negocia\u00e7\u00e3o com o governo.<\/p>\n<p><strong>Momento \u00e9 prop\u00edcio para retomar luta<\/strong><\/p>\n<p>O presidente do SindEnfermeiro, Jorge Henrique, afirmou que &#8220;o momento de lutar pela isonomia \u00e9 favor\u00e1vel e os enfermeiros do DF j\u00e1 mostraram que s\u00e3o bons de luta, sendo inclusive inspira\u00e7\u00e3o para as lutas em outras unidades da federa\u00e7\u00e3o. \u00c9 preciso retomar a nossa agenda de a\u00e7\u00f5es com toda for\u00e7a, e vai ser com a voz de cada enfermeira e enfermeiro, nas ruas e nos espa\u00e7os de poder, que vamos chegar ao nosso objetivo&#8221;, afirmou.<\/p>\n<p>Jorge afirma ainda que, &#8220;de todas as raz\u00f5es que temos para lutar pela isonomia, a principal delas certamente \u00e9 o fato de que hoje, os enfermeiros s\u00e3o os principais respons\u00e1veis pela assist\u00eancia \u00e0 popula\u00e7\u00e3o&#8221;.<\/p>\n<p>E completou: &#8220;quem diz isso s\u00e3o os n\u00fameros disponibilizados pela pr\u00f3pria SES, que apontam para mais de 600 mil atendimentos feitos por enfermeiros no per\u00edodo de 1 ano. Promover a isonomia \u00e9 reconhecer a import\u00e2ncia desses profissionais que hoje s\u00e3o o carro-chefe da secretaria &#8211; principalmente\u00a0na\u00a0APS&#8221;.<\/p>\n","protected":false},"excerpt":{"rendered":"<p>Na noite de ontem (02), o SindEnfermeiro-DF promoveu assembleia junto \u00e0 categoria para debater as estrat\u00e9gias de luta pela Isonomia Salarial dos enfermeiros da SES. Dezenas de profissionais atenderam ao chamado do sindicato e compareceram ao Clube da Sa\u00fade para dar sugest\u00f5es, tirar d\u00favidas e entender os detalhes da luta travada nos \u00faltimos anos pela [&hellip;]<\/p>\n","protected":false},"author":6,"featured_media":44713,"comment_status":"open","ping_status":"open","sticky":false,"template":"","format":"standard","meta":{"footnotes":""},"categories":[6,5],"tags":[413,54,52,236],"class_list":["post-44712","post","type-post","status-publish","format-standard","has-post-thumbnail","hentry","category-noticias","category-rede-publica","tag-assembleia","tag-enfermeiros","tag-isonomia-salarial","tag-ses"],"_links":{"self":[{"href":"https:\/\/sindenfermeiro.com.br\/index.php\/wp-json\/wp\/v2\/posts\/44712","targetHints":{"allow":["GET"]}}],"collection":[{"href":"https:\/\/sindenfermeiro.com.br\/index.php\/wp-json\/wp\/v2\/posts"}],"about":[{"href":"https:\/\/sindenfermeiro.com.br\/index.php\/wp-json\/wp\/v2\/types\/post"}],"author":[{"embeddable":true,"href":"https:\/\/sindenfermeiro.com.br\/index.php\/wp-json\/wp\/v2\/users\/6"}],"replies":[{"embeddable":true,"href":"https:\/\/sindenfermeiro.com.br\/index.php\/wp-json\/wp\/v2\/comments?post=44712"}],"version-history":[{"count":1,"href":"https:\/\/sindenfermeiro.com.br\/index.php\/wp-json\/wp\/v2\/posts\/44712\/revisions"}],"predecessor-version":[{"id":44714,"href":"https:\/\/sindenfermeiro.com.br\/index.php\/wp-json\/wp\/v2\/posts\/44712\/revisions\/44714"}],"wp:featuredmedia":[{"embeddable":true,"href":"https:\/\/sindenfermeiro.com.br\/index.php\/wp-json\/wp\/v2\/media\/44713"}],"wp:attachment":[{"href":"https:\/\/sindenfermeiro.com.br\/index.php\/wp-json\/wp\/v2\/media?parent=44712"}],"wp:term":[{"taxonomy":"category","embeddable":true,"href":"https:\/\/sindenfermeiro.com.br\/index.php\/wp-json\/wp\/v2\/categories?post=44712"},{"taxonomy":"post_tag","embeddable":true,"href":"https:\/\/sindenfermeiro.com.br\/index.php\/wp-json\/wp\/v2\/tags?post=44712"}],"curies":[{"name":"wp","href":"https:\/\/api.w.org\/{rel}","templated":true}]}}