{"id":44704,"date":"2024-03-27T12:07:04","date_gmt":"2024-03-27T15:07:04","guid":{"rendered":"https:\/\/sindenfermeiro.com.br\/?p=44704"},"modified":"2026-04-29T09:19:41","modified_gmt":"2026-04-29T12:19:41","slug":"horario-de-funcionamento-sexta-feira-santa","status":"publish","type":"post","link":"https:\/\/sindenfermeiro.com.br\/index.php\/2024\/03\/27\/horario-de-funcionamento-sexta-feira-santa\/","title":{"rendered":"Hor\u00e1rio de Funcionamento: Semana Santa"},"content":{"rendered":"<p>&nbsp;<\/p>\n<p><img loading=\"lazy\" decoding=\"async\" class=\"size-medium wp-image-44710 aligncenter\" src=\"https:\/\/sindenfermeiro.com.br\/wp-content\/uploads\/2024\/03\/HORARIO-DE-FUNCIONAMENTO-2-300x300.jpg\" alt=\"\" width=\"300\" height=\"300\" srcset=\"https:\/\/sindenfermeiro.com.br\/wp-content\/uploads\/2024\/03\/HORARIO-DE-FUNCIONAMENTO-2-300x300.jpg 300w, https:\/\/sindenfermeiro.com.br\/wp-content\/uploads\/2024\/03\/HORARIO-DE-FUNCIONAMENTO-2-1024x1024.jpg 1024w, https:\/\/sindenfermeiro.com.br\/wp-content\/uploads\/2024\/03\/HORARIO-DE-FUNCIONAMENTO-2-150x150.jpg 150w, https:\/\/sindenfermeiro.com.br\/wp-content\/uploads\/2024\/03\/HORARIO-DE-FUNCIONAMENTO-2-768x768.jpg 768w, https:\/\/sindenfermeiro.com.br\/wp-content\/uploads\/2024\/03\/HORARIO-DE-FUNCIONAMENTO-2.jpg 1300w\" sizes=\"auto, (max-width: 300px) 100vw, 300px\" \/><\/p>\n<p>&nbsp;<\/p>\n<p>O Sindicato dos Enfermeiros do Distrito Federal (SindEnfermeiro-DF) informa aos seus sindicalizados que n\u00e3o haver\u00e1 atendimento ao p\u00fablico do dia 28 e dia 29, devido ao feriado da Semana Santa. Retornaremos \u00e0s nossas atividades e ao atendimento ao p\u00fablico normalmente na segunda-feira (01). Desde j\u00e1, agradecemos a compreens\u00e3o.<\/p>\n","protected":false},"excerpt":{"rendered":"<p>&nbsp; &nbsp; O Sindicato dos Enfermeiros do Distrito Federal (SindEnfermeiro-DF) informa aos seus sindicalizados que n\u00e3o haver\u00e1 atendimento ao p\u00fablico do dia 28 e dia 29, devido ao feriado da Semana Santa. Retornaremos \u00e0s nossas atividades e ao atendimento ao p\u00fablico normalmente na segunda-feira (01). Desde j\u00e1, agradecemos a compreens\u00e3o.<\/p>\n","protected":false},"author":6,"featured_media":44710,"comment_status":"open","ping_status":"open","sticky":false,"template":"","format":"standard","meta":{"footnotes":""},"categories":[6],"tags":[],"class_list":["post-44704","post","type-post","status-publish","format-standard","has-post-thumbnail","hentry","category-noticias"],"_links":{"self":[{"href":"https:\/\/sindenfermeiro.com.br\/index.php\/wp-json\/wp\/v2\/posts\/44704","targetHints":{"allow":["GET"]}}],"collection":[{"href":"https:\/\/sindenfermeiro.com.br\/index.php\/wp-json\/wp\/v2\/posts"}],"about":[{"href":"https:\/\/sindenfermeiro.com.br\/index.php\/wp-json\/wp\/v2\/types\/post"}],"author":[{"embeddable":true,"href":"https:\/\/sindenfermeiro.com.br\/index.php\/wp-json\/wp\/v2\/users\/6"}],"replies":[{"embeddable":true,"href":"https:\/\/sindenfermeiro.com.br\/index.php\/wp-json\/wp\/v2\/comments?post=44704"}],"version-history":[{"count":5,"href":"https:\/\/sindenfermeiro.com.br\/index.php\/wp-json\/wp\/v2\/posts\/44704\/revisions"}],"predecessor-version":[{"id":44711,"href":"https:\/\/sindenfermeiro.com.br\/index.php\/wp-json\/wp\/v2\/posts\/44704\/revisions\/44711"}],"wp:featuredmedia":[{"embeddable":true,"href":"https:\/\/sindenfermeiro.com.br\/index.php\/wp-json\/wp\/v2\/media\/44710"}],"wp:attachment":[{"href":"https:\/\/sindenfermeiro.com.br\/index.php\/wp-json\/wp\/v2\/media?parent=44704"}],"wp:term":[{"taxonomy":"category","embeddable":true,"href":"https:\/\/sindenfermeiro.com.br\/index.php\/wp-json\/wp\/v2\/categories?post=44704"},{"taxonomy":"post_tag","embeddable":true,"href":"https:\/\/sindenfermeiro.com.br\/index.php\/wp-json\/wp\/v2\/tags?post=44704"}],"curies":[{"name":"wp","href":"https:\/\/api.w.org\/{rel}","templated":true}]}}