{"id":44700,"date":"2024-03-26T16:02:43","date_gmt":"2024-03-26T19:02:43","guid":{"rendered":"https:\/\/sindenfermeiro.com.br\/?p=44700"},"modified":"2026-04-26T13:01:03","modified_gmt":"2026-04-26T16:01:03","slug":"caos-no-hmib-sindenfermeiro-df-e-deputada-dayse-amarilio-fiscalizam-uti-neonatal-centro-obstetrico-e-pronto-socorro-pediatrico-para-cobrar-solucoes-na-assistencia-da-populacao","status":"publish","type":"post","link":"https:\/\/sindenfermeiro.com.br\/index.php\/2024\/03\/26\/caos-no-hmib-sindenfermeiro-df-e-deputada-dayse-amarilio-fiscalizam-uti-neonatal-centro-obstetrico-e-pronto-socorro-pediatrico-para-cobrar-solucoes-na-assistencia-da-populacao\/","title":{"rendered":"Caos no HMIB: SindEnfermeiro-DF e deputada Dayse Amar\u00edlio fiscalizam UTI Neonatal, Centro Obst\u00e9trico e Pronto Socorro pedi\u00e1trico para cobrar solu\u00e7\u00f5es na assist\u00eancia da popula\u00e7\u00e3o."},"content":{"rendered":"<div id=\"attachment_44702\" style=\"width: 654px\" class=\"wp-caption aligncenter\"><img loading=\"lazy\" decoding=\"async\" aria-describedby=\"caption-attachment-44702\" class=\"wp-image-44702 \" src=\"https:\/\/sindenfermeiro.com.br\/wp-content\/uploads\/2024\/03\/20240326084325_IMG_5739-1.jpg\" alt=\"Sind\" width=\"644\" height=\"429\" srcset=\"https:\/\/sindenfermeiro.com.br\/wp-content\/uploads\/2024\/03\/20240326084325_IMG_5739-1.jpg 2000w, https:\/\/sindenfermeiro.com.br\/wp-content\/uploads\/2024\/03\/20240326084325_IMG_5739-1-300x200.jpg 300w, https:\/\/sindenfermeiro.com.br\/wp-content\/uploads\/2024\/03\/20240326084325_IMG_5739-1-1024x682.jpg 1024w, https:\/\/sindenfermeiro.com.br\/wp-content\/uploads\/2024\/03\/20240326084325_IMG_5739-1-768x512.jpg 768w, https:\/\/sindenfermeiro.com.br\/wp-content\/uploads\/2024\/03\/20240326084325_IMG_5739-1-1536x1024.jpg 1536w\" sizes=\"auto, (max-width: 644px) 100vw, 644px\" \/><p id=\"caption-attachment-44702\" class=\"wp-caption-text\">SindEnfermeiro visita instala\u00e7\u00f5es do HMIB em conjunto com a deputada Dayse Amarilio.\u00a0 \u00a0 \u00a0 \u00a0 \u00a0 \u00a0 \u00a0 \u00a0 \u00a0 Foto: Pedro Vin\u00edcius Lima<\/p><\/div>\n<p>O SindEnfermeiro-DF, representado pela vice-presidente Ursula Nepomoceno, foi ao Hospital Materno Infantil de Bras\u00edlia na manh\u00e3 de hoje (26) para fiscalizar as condi\u00e7\u00f5es gerais de atendimento na unidade ap\u00f3s den\u00fancias de superlota\u00e7\u00e3o. A visita foi feita em conjunto com a deputada distrital Dayse Amar\u00edlio (PSB) &#8211; vice-presidente da Comiss\u00e3o de Educa\u00e7\u00e3o, Sa\u00fade e Cultura (CESC).<\/p>\n<p>Durante a fiscaliza\u00e7\u00e3o, foram constatados diversos problemas que est\u00e3o impactando diretamente no atendimento &#8211; desde a falta de profissionais (neonatologistas, enfermeiros, t\u00e9cnicos de enfermagem, fisioterapeutas) \u00e0 falta de manuten\u00e7\u00e3o em equipamentos como umidificadores, ox\u00edmetros, aparelhos de fototerapia, monitores multipar\u00e2metros, al\u00e9m da falta de ventiladores &#8211; ocasionada por conta de problemas nos contratos de reparo.<\/p>\n<p><strong>PS pedi\u00e1trico sem espa\u00e7o para mais pacientes<\/strong><\/p>\n<p>No Pronto Socorro pedi\u00e1trico a situa\u00e7\u00e3o encontrada \u00e9 ca\u00f3tica. No momento da visita, haviam 10 crian\u00e7as classificadas como laranja, 8 amarelas, 2 como verdes, 56 como azul e 7 sem classifica\u00e7\u00e3o aguardando atendimento. No entanto, dentro do PS a lota\u00e7\u00e3o era m\u00e1xima, com 25 crian\u00e7as internadas, sendo 4 entubadas\u00a0e\u00a02\u00a0em\u00a0CPAP.<\/p>\n<p>E apesar do estado geral das instala\u00e7\u00f5es f\u00edsicas ser considerado bom, tamb\u00e9m foi poss\u00edvel observar que v\u00e1rios aparelhos de ar condicionado estavam fora de funcionamento nas unidades vistoriadas &#8211; o que ocasiona um desconforto t\u00e9rmico especialmente em dias de muito calor.<\/p>\n<p><strong>Solu\u00e7\u00e3o passa pela nomea\u00e7\u00e3o de servidores e mais investimentos para sa\u00fade\u00a0<\/strong><\/p>\n<p>De acordo com a vice-presidente do SindEnfermeiro, &#8220;uma ala da UTI Neonatal est\u00e1 fechada por falta de equipamentos e falta de manuten\u00e7\u00e3o, al\u00e9m da falta de diversos profissionais. Aqui, n\u00f3s vimos que uma \u00fanica enfermeira est\u00e1 tendo que prestar assist\u00eancia de enfermagem para 11 rec\u00e9m nascidos, enquanto em m\u00e9dia, esse n\u00famero deveria ser no m\u00e1ximo de cinco. Enquanto isso, no centro obst\u00e9trico haviam 2 rec\u00e9m nascidos aguardando por leitos de UTI &#8211; e pior: esse n\u00famero durante o final de semana chegou a nove&#8221;.<\/p>\n<p>Ainda segundo Ursula, &#8220;a falta de recursos humanos tamb\u00e9m contribui para que n\u00e3o haja mais leitos dispon\u00edveis, e com isso a tend\u00eancia \u00e9 que o colapso no HMIB continue. \u00c9 necess\u00e1ria a nomea\u00e7\u00e3o de mais profissionais, investimento em recursos materiais e equipamentos, a amplia\u00e7\u00e3o de leitos de UTI neonatal, pedi\u00e1trica, assim como leitos de retaguarda nas interna\u00e7\u00f5es das pediatrias do\u00a0DF&#8221;,\u00a0concluiu.<\/p>\n","protected":false},"excerpt":{"rendered":"<p>O SindEnfermeiro-DF, representado pela vice-presidente Ursula Nepomoceno, foi ao Hospital Materno Infantil de Bras\u00edlia na manh\u00e3 de hoje (26) para fiscalizar as condi\u00e7\u00f5es gerais de atendimento na unidade ap\u00f3s den\u00fancias de superlota\u00e7\u00e3o. A visita foi feita em conjunto com a deputada distrital Dayse Amar\u00edlio (PSB) &#8211; vice-presidente da Comiss\u00e3o de Educa\u00e7\u00e3o, Sa\u00fade e Cultura (CESC). [&hellip;]<\/p>\n","protected":false},"author":6,"featured_media":44702,"comment_status":"open","ping_status":"open","sticky":false,"template":"","format":"standard","meta":{"footnotes":""},"categories":[6,5],"tags":[567,248],"class_list":["post-44700","post","type-post","status-publish","format-standard","has-post-thumbnail","hentry","category-noticias","category-rede-publica","tag-fiscalizacao","tag-hmib"],"_links":{"self":[{"href":"https:\/\/sindenfermeiro.com.br\/index.php\/wp-json\/wp\/v2\/posts\/44700","targetHints":{"allow":["GET"]}}],"collection":[{"href":"https:\/\/sindenfermeiro.com.br\/index.php\/wp-json\/wp\/v2\/posts"}],"about":[{"href":"https:\/\/sindenfermeiro.com.br\/index.php\/wp-json\/wp\/v2\/types\/post"}],"author":[{"embeddable":true,"href":"https:\/\/sindenfermeiro.com.br\/index.php\/wp-json\/wp\/v2\/users\/6"}],"replies":[{"embeddable":true,"href":"https:\/\/sindenfermeiro.com.br\/index.php\/wp-json\/wp\/v2\/comments?post=44700"}],"version-history":[{"count":1,"href":"https:\/\/sindenfermeiro.com.br\/index.php\/wp-json\/wp\/v2\/posts\/44700\/revisions"}],"predecessor-version":[{"id":44703,"href":"https:\/\/sindenfermeiro.com.br\/index.php\/wp-json\/wp\/v2\/posts\/44700\/revisions\/44703"}],"wp:featuredmedia":[{"embeddable":true,"href":"https:\/\/sindenfermeiro.com.br\/index.php\/wp-json\/wp\/v2\/media\/44702"}],"wp:attachment":[{"href":"https:\/\/sindenfermeiro.com.br\/index.php\/wp-json\/wp\/v2\/media?parent=44700"}],"wp:term":[{"taxonomy":"category","embeddable":true,"href":"https:\/\/sindenfermeiro.com.br\/index.php\/wp-json\/wp\/v2\/categories?post=44700"},{"taxonomy":"post_tag","embeddable":true,"href":"https:\/\/sindenfermeiro.com.br\/index.php\/wp-json\/wp\/v2\/tags?post=44700"}],"curies":[{"name":"wp","href":"https:\/\/api.w.org\/{rel}","templated":true}]}}